                       {"id":9530,"date":"2019-08-08T21:33:24","date_gmt":"2019-08-09T02:33:24","guid":{"rendered":"http:\/\/laultimapalabra.info\/?p=9530"},"modified":"2024-12-11T08:56:07","modified_gmt":"2024-12-11T14:56:07","slug":"la-guarida-del-mapache-74","status":"publish","type":"post","link":"https:\/\/laultimapalabra.com.mx\/portal\/la-guarida-del-mapache-74\/","title":{"rendered":"La Guarida del Mapache"},"content":{"rendered":"<p><img loading=\"lazy\" decoding=\"async\" class=\"size-medium wp-image-155 alignleft\" src=\"https:\/\/laultimapalabra.com.mx\/portal\/wp-content\/uploads\/2018\/02\/mapache-300x282.jpeg\" alt=\"\" width=\"300\" height=\"282\" \/>Por: El Mapache<\/p>\n<p style=\"text-align: justify;\">\u00bfQu\u00e9 onda raza? Espero que anden a toda \u201cm\u00e1user\u201d y que se est\u00e9n preparando para estas pr\u00f3ximas semanas de diversi\u00f3n que habr\u00e1 con la feria, pero bueno de ese tema cotorreamos m\u00e1s adelantito, mientras vamos a empezar con lo que nos truje.<br \/>\nABIERTAS<br \/>\nY pues lo primero es seguir agarrando paciencia compis con las calles que se est\u00e1n arreglando en el muni, porque si bien es cierto que es un desmauser andar de un lado pa\u00b4otro buscando alternativas viales, tambi\u00e9n lo es que cuando ya queden terminadas habr\u00e1 menos baches y zangoteo al manejar jejeje.<br \/>\nSEGURIDAD<br \/>\nY pues en cuesti\u00f3n de seguridad compis como se habr\u00e1n dado cuenta pues seguimos en la batalladera, porque ni con la \u201cjuerza civil\u201d esto ha disminuido, pero debemos entender que no son delitos del fuero com\u00fan y ni hablar, hay que cuidarnos y \u201capechugar\u201d los cambios y las medidas que las autoridades tomen para tener mayor control en el muni.<br \/>\nARROPADO<br \/>\nPor cierto de cuidadas y dem\u00e1s, por ah\u00ed supimos que al que anduvieron consintiendo y demostr\u00e1ndole su apoyo la raza de las comunidades rurales fue ni m\u00e1s ni menos que al \u201cGama1000\u201d, con quien sostuvieron una reuni\u00f3n para reconocerle su labor al frente de la Secretar\u00eda y de pasada decirle que esperaban verlo de regreso para continuar con las estrategias que ten\u00eda salvaguardando la seguridad de los jimenenses, bien por \u00e9l ojala y responda bien y sepa valorar el detalle de la raza, porque no con cualquiera lo han tenido.<br \/>\nCONGRATS<br \/>\nFelicitaciones atrasadonas pero no menos v\u00e1lidas para la werita Alice de Tercer piso de palace que estuvo de manteles largos raza, a la Yanette de Contralor\u00eda que ayer tambi\u00e9n tuvo sus festejos y al mero mero, aaah no, ya no es el mero, mero mero ahora lucha porque su brillo no opaque a los \u201cGreen Boys\u201d jejeje en fin, tambi\u00e9n se hizo m\u00e1s viejo la \u201cGilary\u201d Kardoza, a todos ellos esperamos que se la hayan pasado a toda \u201cm\u00e1user\u201d.<br \/>\nREYNA<br \/>\nY antes de que se me olvide compis, una feli muy pero muy especial, para la mother de nuestro compa\u00f1ero, colaborador y dise\u00f1ador el chaparrito Luigi, quien gan\u00f3 el certamen como la Reyna del Adulto Mayor este 2019, as\u00ed como lo leen raza, somos de la realeza jejeje bueno nosotros, porque el Luigi no le hered\u00f3 nada de guapura y finura a la madre, pero ni hablar cuando no te toca no te toca jejejeje.<br \/>\nREYNA CADEREYTA<br \/>\nY pues como sabr\u00e1n ya hoy conoceremos a las muchachonas que participar\u00e1n para ser nuestra pr\u00f3xima soberana compis, ojala se hayan escrito muchas chicas para tener de onde elegir, aunque la verdad es que las f\u00e9minas en el muni son muy guapas y vamos a tener algo de problemas pero ya saben que nos encanta el show jejeje.<br \/>\nECONOMICA<br \/>\nY pues ya casi por arrancar la Feria de La Espiga 2019 raza, precisamente hoy tendremos el inicio de las festividades por el aniversario de nuestro querido C\u00e1diz, y por lo pronto habremos de reconocer que el buen \u201cBigotes\u201d Quintanilla si la est\u00e1 manejando a precios m\u00f3dicos, esperemos que se haya ocupado de que tambi\u00e9n sea de calidad la feria, porque de nada nos sirve que este barata si no est\u00e1 medianamente buena jejeje \u00bfno cree?<br \/>\nFAMILY<br \/>\nY pues aunque no es novedad eso de los parientes jalando en la administration raza, pues la neta es que de todos nomas uno tiene parertesco directo con el \u201cbigotes\u201d Quintanilla, y no me resulta tan esc\u00e1ndaloso, ah\u00ed no est\u00e1 el meollo de esta administration raza, hay m\u00e1s en otras partesitas jejeje es m\u00e1s hasta me extra\u00f1a que no le hayan sacado uno que otro trapito al sol pero por otros temas compis, como les dije una revisadita a las actividades del \u201cporro Ricky meencharcas\u201d en cuanto a las compras de todo lo de seguridad, una revisadita a la mitad del sueldo del \u201cBigotes\u201d Quintanilla que se supone se dona a las corporaciones operativas de la administrations, etc, etc, etc, de donde sacar cosas m\u00e1s interesantes hay raza.<br \/>\nCONVIVENCIA<br \/>\nEn fin raza, vayamos a ver qu\u00e9 pex con esto de la Feria y disfrutemos de nuestras familias, olvidemos si los grupos son famosos o no, una feria es pa disfrutarla con la familia, en los juegos mec\u00e1nicos; los que esperamos sean muy seguros \u00bfeh?, pasemos un buen rato y ah\u00ed la semanuca que entra les cuento qu\u00e9 tal estuvo el show \u00bfva? \u2026 la vemos.<\/p>\n","protected":false},"excerpt":{"rendered":"<p>Por: El Mapache \u00bfQu\u00e9 onda raza? Espero que anden a toda \u201cm\u00e1user\u201d y que se est\u00e9n preparando para estas pr\u00f3ximas semanas de diversi\u00f3n que habr\u00e1 con la feria, pero bueno de ese tema cotorreamos m\u00e1s adelantito, mientras vamos a empezar con lo que nos truje. ABIERTAS Y pues lo primero es seguir agarrando paciencia compis [&hellip;]<\/p>\n","protected":false},"author":9,"featured_media":155,"comment_status":"open","ping_status":"closed","sticky":false,"template":"","format":"standard","meta":{"footnotes":""},"categories":[1],"tags":[940],"class_list":["post-9530","post","type-post","status-publish","format-standard","has-post-thumbnail","hentry","category-noticias","tag-el-mapache-la-guarida-del-mapache"],"_links":{"self":[{"href":"https:\/\/laultimapalabra.com.mx\/portal\/wp-json\/wp\/v2\/posts\/9530","targetHints":{"allow":["GET"]}}],"collection":[{"href":"https:\/\/laultimapalabra.com.mx\/portal\/wp-json\/wp\/v2\/posts"}],"about":[{"href":"https:\/\/laultimapalabra.com.mx\/portal\/wp-json\/wp\/v2\/types\/post"}],"author":[{"embeddable":true,"href":"https:\/\/laultimapalabra.com.mx\/portal\/wp-json\/wp\/v2\/users\/9"}],"replies":[{"embeddable":true,"href":"https:\/\/laultimapalabra.com.mx\/portal\/wp-json\/wp\/v2\/comments?post=9530"}],"version-history":[{"count":1,"href":"https:\/\/laultimapalabra.com.mx\/portal\/wp-json\/wp\/v2\/posts\/9530\/revisions"}],"predecessor-version":[{"id":68077,"href":"https:\/\/laultimapalabra.com.mx\/portal\/wp-json\/wp\/v2\/posts\/9530\/revisions\/68077"}],"wp:featuredmedia":[{"embeddable":true,"href":"https:\/\/laultimapalabra.com.mx\/portal\/wp-json\/"}],"wp:attachment":[{"href":"https:\/\/laultimapalabra.com.mx\/portal\/wp-json\/wp\/v2\/media?parent=9530"}],"wp:term":[{"taxonomy":"category","embeddable":true,"href":"https:\/\/laultimapalabra.com.mx\/portal\/wp-json\/wp\/v2\/categories?post=9530"},{"taxonomy":"post_tag","embeddable":true,"href":"https:\/\/laultimapalabra.com.mx\/portal\/wp-json\/wp\/v2\/tags?post=9530"}],"curies":[{"name":"wp","href":"https:\/\/api.w.org\/{rel}","templated":true}]}}