                       {"id":9547,"date":"2019-08-08T21:09:21","date_gmt":"2019-08-09T02:09:21","guid":{"rendered":"http:\/\/laultimapalabra.info\/?p=9547"},"modified":"2024-12-11T08:56:08","modified_gmt":"2024-12-11T14:56:08","slug":"va-guarnero-a-scjn-contra-sala-superior","status":"publish","type":"post","link":"https:\/\/laultimapalabra.com.mx\/portal\/va-guarnero-a-scjn-contra-sala-superior\/","title":{"rendered":"Va Guarnero a SCJN contra Sala Superior"},"content":{"rendered":"<p style=\"text-align: justify;\">Se manifiesta la juarense contra resoluci\u00f3n de magistrados por su inconformidad a la \u201cLey Bonilla\u201d<\/p>\n<p style=\"text-align: justify;\"><img loading=\"lazy\" decoding=\"async\" class=\"size-medium wp-image-9549 alignleft\" src=\"https:\/\/laultimapalabra.com.mx\/portal\/wp-content\/uploads\/2019\/08\/SCJN-1-300x225.jpg\" alt=\"\" width=\"300\" height=\"225\" \/>Miguel Oscar P\u00e9rez<br \/>\nCD. BENITO JU\u00c1REZ, N.L.-<br \/>\nLa activista juarense, Luz Mar\u00eda Flores Guarnero, presentar\u00e1 un recurso de revisi\u00f3n ante la Suprema Corte de Justicia la Naci\u00f3n por la resoluci\u00f3n dictada por la Sala Superior del Tribunal Federal Electoral, sobre el expediente SUP-JDC 160\/2019.<br \/>\nLa tambi\u00e9n ex candidata a la alcald\u00eda de Ju\u00e1rez, present\u00f3 una demanda en contra de la aprobaci\u00f3n en una sesi\u00f3n extraordinaria en el Congreso de Baja California Norte, para extender a cinco a\u00f1os, el per\u00edodo del gobernador electo, Jaime Bonilla que hab\u00eda sido electo solo por dos a\u00f1os.<br \/>\nLos diputados, que por cierto ya salieron de su legislatura, en forma improcedente, aprobaron la extensi\u00f3n del gobierno, siendo que la ciudadan\u00eda hab\u00eda votado por un gobierno de dos a\u00f1os para el gobernador electo Jaime Bonilla Valdez.<br \/>\nAl no presentar nadie ninguna impugnaci\u00f3n, la juarense present\u00f3 su inconformidad, misma que fue rechazada, bajo el argumento de cuatro de seis magistrados, que \u201cNo resultaba afectada, debido a que no viv\u00eda en Baja California\u201d.<br \/>\nLa juarense busca justicia en la Suprema Corte de Justicia de la Naci\u00f3n, amparada en el art\u00edculo 14 constitucional, en donde se invoca que todo mexicano tiene el derecho de inconformarse, y que no aclara residencia.<br \/>\nLa inconformidad se da en un punto cr\u00edtico y ser\u00e1n los magistrados de la Suprema Corte quien decida el futuro del nuevo Gobierno, que iniciar\u00eda en el mes de noviembre.<br \/>\nEn Baja California norte, hay un descontento total por la mal llamada \u201cLey Bonilla\u201d, en donde los anteriores legisladores, al cuarto para las doce y aprovechando su investidura a 23 d\u00edas antes de salir de sus funciones hicieron la modificaci\u00f3n a la ley local, en que regalan tres a\u00f1os m\u00e1s de gobierno, a un gobernador, electo para dos.<br \/>\nLuz Mar\u00eda Flores asegura que debe pararse ese atropello, sino en cada estado podr\u00edan darse los mismos cambios y empoderar contra la ley a los gobernantes.<\/p>\n","protected":false},"excerpt":{"rendered":"<p>Se manifiesta la juarense contra resoluci\u00f3n de magistrados por su inconformidad a la \u201cLey Bonilla\u201d Miguel Oscar P\u00e9rez CD. BENITO JU\u00c1REZ, N.L.- La activista juarense, Luz Mar\u00eda Flores Guarnero, presentar\u00e1 un recurso de revisi\u00f3n ante la Suprema Corte de Justicia la Naci\u00f3n por la resoluci\u00f3n dictada por la Sala Superior del Tribunal Federal Electoral, sobre [&hellip;]<\/p>\n","protected":false},"author":9,"featured_media":9548,"comment_status":"open","ping_status":"closed","sticky":false,"template":"","format":"standard","meta":{"footnotes":""},"categories":[18],"tags":[1463],"class_list":["post-9547","post","type-post","status-publish","format-standard","has-post-thumbnail","hentry","category-locales-juarez","tag-luz-maria-flores-guarnero"],"_links":{"self":[{"href":"https:\/\/laultimapalabra.com.mx\/portal\/wp-json\/wp\/v2\/posts\/9547","targetHints":{"allow":["GET"]}}],"collection":[{"href":"https:\/\/laultimapalabra.com.mx\/portal\/wp-json\/wp\/v2\/posts"}],"about":[{"href":"https:\/\/laultimapalabra.com.mx\/portal\/wp-json\/wp\/v2\/types\/post"}],"author":[{"embeddable":true,"href":"https:\/\/laultimapalabra.com.mx\/portal\/wp-json\/wp\/v2\/users\/9"}],"replies":[{"embeddable":true,"href":"https:\/\/laultimapalabra.com.mx\/portal\/wp-json\/wp\/v2\/comments?post=9547"}],"version-history":[{"count":1,"href":"https:\/\/laultimapalabra.com.mx\/portal\/wp-json\/wp\/v2\/posts\/9547\/revisions"}],"predecessor-version":[{"id":68087,"href":"https:\/\/laultimapalabra.com.mx\/portal\/wp-json\/wp\/v2\/posts\/9547\/revisions\/68087"}],"wp:featuredmedia":[{"embeddable":true,"href":"https:\/\/laultimapalabra.com.mx\/portal\/wp-json\/"}],"wp:attachment":[{"href":"https:\/\/laultimapalabra.com.mx\/portal\/wp-json\/wp\/v2\/media?parent=9547"}],"wp:term":[{"taxonomy":"category","embeddable":true,"href":"https:\/\/laultimapalabra.com.mx\/portal\/wp-json\/wp\/v2\/categories?post=9547"},{"taxonomy":"post_tag","embeddable":true,"href":"https:\/\/laultimapalabra.com.mx\/portal\/wp-json\/wp\/v2\/tags?post=9547"}],"curies":[{"name":"wp","href":"https:\/\/api.w.org\/{rel}","templated":true}]}}