                       {"id":9615,"date":"2019-08-15T13:24:18","date_gmt":"2019-08-15T18:24:18","guid":{"rendered":"http:\/\/laultimapalabra.info\/?p=9615"},"modified":"2024-12-11T08:56:09","modified_gmt":"2024-12-11T14:56:09","slug":"muere-bebe-de-un-ano-en-garcia-tras-presuntamente-ser-golpeada-su-hermano-se-encuentra-grave","status":"publish","type":"post","link":"https:\/\/laultimapalabra.com.mx\/portal\/muere-bebe-de-un-ano-en-garcia-tras-presuntamente-ser-golpeada-su-hermano-se-encuentra-grave\/","title":{"rendered":"Muere beb\u00e9 de un a\u00f1o en Garc\u00eda tras presuntamente ser golpeada; su hermano se encuentra grave"},"content":{"rendered":"<p style=\"text-align: justify;\"><img loading=\"lazy\" decoding=\"async\" class=\"size-medium wp-image-9616 alignleft\" src=\"https:\/\/laultimapalabra.com.mx\/portal\/wp-content\/uploads\/2019\/08\/ataque-ocurrio-calle-conquista-b-300x187.jpeg\" alt=\"\" width=\"300\" height=\"187\" \/>GARC\u00cdA.- Una beb\u00e9 muri\u00f3 y su hermano de la misma edad se encuentra grave, luego de presuntamente recibir algunos golpes.<\/p>\n<p style=\"text-align: justify;\">Las v\u00edctimas arribaron a las instalaciones de un centro m\u00e9dico en el municipio de Garcia.<\/p>\n<div class=\"text_exposed_show\">\n<p style=\"text-align: justify;\">La peque\u00f1a identificada como Ximena Sarah\u00ed lleg\u00f3 sin signos vitales, mientras que su hermano llamado \u00c1ngel presenta diversos golpes en el cuerpo, lo que provoc\u00f3 que sufriera un paro respiratorio.<\/p>\n<p style=\"text-align: justify;\">Fuentes revelaron que los cuates hab\u00edan sido tomados por el DIF y enviados a Capullos, pero posteriormente le dieron la custodia a su abuela matera y aparentemente ella le prest\u00f3 los menores a su hija.<\/p>\n<p style=\"text-align: justify;\">Elementos de la Agencia Estatal de Investigaciones ya arribaron al centro m\u00e9dico ubicado sobre la avenida Lincoln para iniciar las indagatorias.<\/p>\n<p style=\"text-align: justify;\">Fuente: Telediario<\/p>\n<\/div>\n","protected":false},"excerpt":{"rendered":"<p>GARC\u00cdA.- Una beb\u00e9 muri\u00f3 y su hermano de la misma edad se encuentra grave, luego de presuntamente recibir algunos golpes. Las v\u00edctimas arribaron a las instalaciones de un centro m\u00e9dico en el municipio de Garcia. La peque\u00f1a identificada como Ximena Sarah\u00ed lleg\u00f3 sin signos vitales, mientras que su hermano llamado \u00c1ngel presenta diversos golpes en [&hellip;]<\/p>\n","protected":false},"author":9,"featured_media":9616,"comment_status":"open","ping_status":"closed","sticky":false,"template":"","format":"standard","meta":{"footnotes":""},"categories":[15,8],"tags":[1474],"class_list":["post-9615","post","type-post","status-publish","format-standard","has-post-thumbnail","hentry","category-estado","category-seguridad","tag-maltrato-infantil"],"_links":{"self":[{"href":"https:\/\/laultimapalabra.com.mx\/portal\/wp-json\/wp\/v2\/posts\/9615","targetHints":{"allow":["GET"]}}],"collection":[{"href":"https:\/\/laultimapalabra.com.mx\/portal\/wp-json\/wp\/v2\/posts"}],"about":[{"href":"https:\/\/laultimapalabra.com.mx\/portal\/wp-json\/wp\/v2\/types\/post"}],"author":[{"embeddable":true,"href":"https:\/\/laultimapalabra.com.mx\/portal\/wp-json\/wp\/v2\/users\/9"}],"replies":[{"embeddable":true,"href":"https:\/\/laultimapalabra.com.mx\/portal\/wp-json\/wp\/v2\/comments?post=9615"}],"version-history":[{"count":1,"href":"https:\/\/laultimapalabra.com.mx\/portal\/wp-json\/wp\/v2\/posts\/9615\/revisions"}],"predecessor-version":[{"id":68117,"href":"https:\/\/laultimapalabra.com.mx\/portal\/wp-json\/wp\/v2\/posts\/9615\/revisions\/68117"}],"wp:featuredmedia":[{"embeddable":true,"href":"https:\/\/laultimapalabra.com.mx\/portal\/wp-json\/"}],"wp:attachment":[{"href":"https:\/\/laultimapalabra.com.mx\/portal\/wp-json\/wp\/v2\/media?parent=9615"}],"wp:term":[{"taxonomy":"category","embeddable":true,"href":"https:\/\/laultimapalabra.com.mx\/portal\/wp-json\/wp\/v2\/categories?post=9615"},{"taxonomy":"post_tag","embeddable":true,"href":"https:\/\/laultimapalabra.com.mx\/portal\/wp-json\/wp\/v2\/tags?post=9615"}],"curies":[{"name":"wp","href":"https:\/\/api.w.org\/{rel}","templated":true}]}}