                       {"id":9637,"date":"2019-08-15T21:50:05","date_gmt":"2019-08-16T02:50:05","guid":{"rendered":"http:\/\/laultimapalabra.info\/?p=9637"},"modified":"2024-12-11T08:56:09","modified_gmt":"2024-12-11T14:56:09","slug":"382-anos-que-ya-son-historia","status":"publish","type":"post","link":"https:\/\/laultimapalabra.com.mx\/portal\/382-anos-que-ya-son-historia\/","title":{"rendered":"382 a\u00f1os que ya son historia"},"content":{"rendered":"<p style=\"text-align: justify;\"><img loading=\"lazy\" decoding=\"async\" class=\"size-medium wp-image-9639 alignleft\" src=\"https:\/\/laultimapalabra.com.mx\/portal\/wp-content\/uploads\/2019\/08\/Captura-de-pantalla-2017-07-08-a-las-10.54.43-a.m.-292x300.png\" alt=\"\" width=\"292\" height=\"300\" \/>Por: Dr. Jos\u00e9 Ascenci\u00f3n Tijerina Flores<\/p>\n<p style=\"text-align: justify;\">En este aniversario reci\u00e9n pasado de la fundaci\u00f3n de la Villa San Juan Bautista de Cadereyta, es de justicia recordar a sus fundadores y habitantes de la antigua villa, as\u00ed como a sus primeras autoridades.<\/p>\n<p style=\"text-align: justify;\">Don Mart\u00edn de Zavala cuarto Gobernador del Nuevo Reino de Le\u00f3n cumpl\u00eda con la promesa hecha al Rey Felipe IV de Espa\u00f1a de fundar dos villas despu\u00e9s de la creaci\u00f3n de la ciudad de nuestra se\u00f1ora de Monterrey como la llam\u00f3 Don Diego de Montemayor su fundador.<\/p>\n<p style=\"text-align: justify;\">Don Mart\u00edn orden\u00f3 a su capit\u00e1n Luis de Z\u00fa\u00f1iga y Almaraz cumplir con la tarea de fundar la segunda villa, pues ya lo hab\u00eda hecho con la de Cerralvo luego de cometer aquel error al cambiarle el nombre a la ciudad de Monterrey la cual durar\u00eda dos a\u00f1os con el nombre de Villa de Cerralvo.<\/p>\n<p style=\"text-align: justify;\">Don Mart\u00edn en la Villa<\/p>\n<p style=\"text-align: justify;\">No fue sino hasta el 20 de febrero del a\u00f1o siguiente (1638) cuando el Gobernador se hizo presente en el lugar donde se hab\u00eda fundado la Villa de San Juan Bautista, sin embargo nada de lo hecho por Don Luis fue de su agrado, ni la distribuci\u00f3n de solares ni la ubicaci\u00f3n de la misma villa por no cumplir con los protocolos para una fundaci\u00f3n oficial.<\/p>\n<p style=\"text-align: justify;\">De inmediato orden\u00f3 la reubicaci\u00f3n de la Villa aun sitio m\u00e1s alto y alejado del cauce de los r\u00edos Santa Catarina y San Juan, procediendo a se\u00f1alar el terreno para la construcci\u00f3n de la iglesia y otro para la casa de gobierno, adem\u00e1s de los solares para aquellas 28 familias que ya se hab\u00edan establecido en aquellos parajes a la margen de los r\u00edos antes mencionados.<\/p>\n<p style=\"text-align: justify;\">Ese mismo d\u00eda elabor\u00f3 una nueva acta de fundaci\u00f3n que conservamos con orgullo en nuestro Archivo Hist\u00f3rico Municipal consider\u00e1ndose a este documento como uno de los tesoros m\u00e1s valiosos de nuestra historia.<\/p>\n<p style=\"text-align: justify;\">Despu\u00e9s de poner la villa bajo la advocaci\u00f3n de San Juan Bautista, qued\u00f3 establecido oficialmente el nombre de la villa de San Juan Bautista de Cadereyta en honor al 16\u00ba Virrey de la Nueva Espa\u00f1a Don Lope Diez de Armend\u00e1riz \u00a0M\u00e1rquez de Cadereyta en Espa\u00f1a. Se estableci\u00f3 como l\u00edmite hacia el poniente: A 5 leguas de Monterrey y a 8 de la Villa de Cerralvo y hacia el sur sin l\u00edmite hacia la Huasteca y el Puerto de Tampico.<\/p>\n<p style=\"text-align: justify;\">Primer Cabildo<\/p>\n<p style=\"text-align: justify;\">El trabajo del Gobernador en la villa incluy\u00f3 el nombramiento de las personas que habr\u00edan de formar el primer Cabildo, quedando nombrado como Alcalde ordinario Don Juan M\u00e9ndez Tovar y como primer Regidor Don Diego de la Due\u00f1a, Como Segundo Regidor A Don Joseph de la Garza, como procurador general a Don Alonso de Le\u00f3n y como alguacil de Cabildo a Don Domingo Conde, como escribano Don Sebasti\u00e1n P\u00e9rez de Gumendia a los que dio poder y voto conforme a la ley.<\/p>\n<p style=\"text-align: justify;\">En 1825 se elevar\u00eda la Villa a categor\u00eda de ciudad eliminando el nombre de San Juan Bautista y agregando el apellido de Jim\u00e9nez en honor al General Jos\u00e9 Mariano Jim\u00e9nez.<\/p>\n<p style=\"text-align: justify;\">A partir de entonces se acrecent\u00f3 el progreso y desarrollo comercial, agr\u00edcola y ganadero hasta llegar a nuestros d\u00edas donde disfrutamos de una ciudad emprendedora, progresista y bondadosa con sus hijos y visitantes que ya la han adoptado como su tierra propia.<\/p>\n<p style=\"text-align: justify;\">Ahora solo nos resta decir: \u201cLos 382 a\u00f1os ya son historia y abrimos la cuenta con mucho optimismo al 383\u201d.<\/p>\n<p style=\"text-align: justify;\">\u00a1FELIZ ANIVERSARIO!<\/p>\n<p style=\"text-align: justify;\">Gracias<\/p>\n","protected":false},"excerpt":{"rendered":"<p>Por: Dr. Jos\u00e9 Ascenci\u00f3n Tijerina Flores En este aniversario reci\u00e9n pasado de la fundaci\u00f3n de la Villa San Juan Bautista de Cadereyta, es de justicia recordar a sus fundadores y habitantes de la antigua villa, as\u00ed como a sus primeras autoridades. Don Mart\u00edn de Zavala cuarto Gobernador del Nuevo Reino de Le\u00f3n cumpl\u00eda con la [&hellip;]<\/p>\n","protected":false},"author":9,"featured_media":9639,"comment_status":"open","ping_status":"closed","sticky":false,"template":"","format":"standard","meta":{"footnotes":""},"categories":[1],"tags":[879],"class_list":["post-9637","post","type-post","status-publish","format-standard","has-post-thumbnail","hentry","category-noticias","tag-dr-jose-ascencion-tijerina-flores"],"_links":{"self":[{"href":"https:\/\/laultimapalabra.com.mx\/portal\/wp-json\/wp\/v2\/posts\/9637","targetHints":{"allow":["GET"]}}],"collection":[{"href":"https:\/\/laultimapalabra.com.mx\/portal\/wp-json\/wp\/v2\/posts"}],"about":[{"href":"https:\/\/laultimapalabra.com.mx\/portal\/wp-json\/wp\/v2\/types\/post"}],"author":[{"embeddable":true,"href":"https:\/\/laultimapalabra.com.mx\/portal\/wp-json\/wp\/v2\/users\/9"}],"replies":[{"embeddable":true,"href":"https:\/\/laultimapalabra.com.mx\/portal\/wp-json\/wp\/v2\/comments?post=9637"}],"version-history":[{"count":1,"href":"https:\/\/laultimapalabra.com.mx\/portal\/wp-json\/wp\/v2\/posts\/9637\/revisions"}],"predecessor-version":[{"id":68127,"href":"https:\/\/laultimapalabra.com.mx\/portal\/wp-json\/wp\/v2\/posts\/9637\/revisions\/68127"}],"wp:featuredmedia":[{"embeddable":true,"href":"https:\/\/laultimapalabra.com.mx\/portal\/wp-json\/"}],"wp:attachment":[{"href":"https:\/\/laultimapalabra.com.mx\/portal\/wp-json\/wp\/v2\/media?parent=9637"}],"wp:term":[{"taxonomy":"category","embeddable":true,"href":"https:\/\/laultimapalabra.com.mx\/portal\/wp-json\/wp\/v2\/categories?post=9637"},{"taxonomy":"post_tag","embeddable":true,"href":"https:\/\/laultimapalabra.com.mx\/portal\/wp-json\/wp\/v2\/tags?post=9637"}],"curies":[{"name":"wp","href":"https:\/\/api.w.org\/{rel}","templated":true}]}}