                       {"id":9664,"date":"2019-08-15T22:12:13","date_gmt":"2019-08-16T03:12:13","guid":{"rendered":"http:\/\/laultimapalabra.info\/?p=9664"},"modified":"2024-12-11T08:56:09","modified_gmt":"2024-12-11T14:56:09","slug":"la-bola-cuadrada-75","status":"publish","type":"post","link":"https:\/\/laultimapalabra.com.mx\/portal\/la-bola-cuadrada-75\/","title":{"rendered":"La Bola Cuadrada"},"content":{"rendered":"<p><img loading=\"lazy\" decoding=\"async\" class=\"size-medium wp-image-886 alignleft\" src=\"https:\/\/laultimapalabra.com.mx\/portal\/wp-content\/uploads\/2018\/03\/Logo-La-bola-cuadrada-223x300.jpg\" alt=\"\" width=\"223\" height=\"300\" \/>Por: El Rompepicos<\/p>\n<p style=\"text-align: justify;\">HUICHIPILA<\/p>\n<p style=\"text-align: justify;\">La \u201cVoladora\u201d sigue cortando cabezas y la rasurada lleg\u00f3 a varias dependencias, donde se dieron de baja a varias personas, sobre todo algunas que al parecer ya andaban volteando pa\u2019 otro lado.<\/p>\n<p style=\"text-align: justify;\">GIRA<\/p>\n<p style=\"text-align: justify;\">Bien el discurso del ex Gordis, ayer que visit\u00f3 a los estudiantes de la Prepa 22, del CECyTE y de la Universidad Tecnol\u00f3gica, adem\u00e1s del CONALEP.<\/p>\n<p style=\"text-align: justify;\">REMEMBER<\/p>\n<p style=\"text-align: justify;\">Si tiene que presumir, ya que les enumer\u00f3 los logros educativos en la pasada administraci\u00f3n y lo que va de esta.<\/p>\n<p style=\"text-align: justify;\">PREPAS<\/p>\n<p style=\"text-align: justify;\">Presumi\u00f3 la Prepa 22, construida en su inicio con recursos y con terrenos del municipio, cuando no hab\u00eda ninguna preparatoria.<\/p>\n<p style=\"text-align: justify;\">TERRENO<\/p>\n<p style=\"text-align: justify;\">Esta semana ya se entreg\u00f3 el terrenote parta la CECyTE, que estar\u00e1 ubicada en Los Puertos y rasgu\u00f1ando Anzures, que ser\u00e1 una oferta de bachillerato m\u00e1s para esta ciudad.<\/p>\n<p style=\"text-align: justify;\">OBREG\u00d3N<\/p>\n<p style=\"text-align: justify;\">Les habl\u00f3 de la UT, pero tambi\u00e9n les dijo que pronto vendr\u00eda una extensi\u00f3n de la Preparatoria T\u00e9cnica \u00c1lvaro Obreg\u00f3n eso sin contar que ya coquetea tambi\u00e9n la CBTA 74 que quiere poner una extensi\u00f3n en Ju\u00e1rez.<\/p>\n<p style=\"text-align: justify;\">EDUCACI\u00d3N<\/p>\n<p style=\"text-align: justify;\">Es innegable el avance educativo, los egresados de la secu ya no ir\u00e1n a estudiar a Cadereyta, a Guadalupe y a Monterrey, ya que poco a poco, est\u00e1n siendo gestionadas por el ex Gordis nuevas escuelas de bachilleres.<\/p>\n<p style=\"text-align: justify;\">\u00c1LVARO<\/p>\n<p style=\"text-align: justify;\">Se escuchan varios rumores sobre la pr\u00f3xima para la alcald\u00eda, uno de ellos aseguran que la Mhoni Vidente dice que ir\u00e1 el ex Gordis a una senadur\u00eda, Paco a una diputaci\u00f3n local y \u00c1lvaro Ibarra para la alcald\u00eda de Ju\u00e1rez, Pero como la Mhoni Vidente no atina una, mejor as\u00ed la dejamos.<\/p>\n<p style=\"text-align: justify;\">\n","protected":false},"excerpt":{"rendered":"<p>Por: El Rompepicos HUICHIPILA La \u201cVoladora\u201d sigue cortando cabezas y la rasurada lleg\u00f3 a varias dependencias, donde se dieron de baja a varias personas, sobre todo algunas que al parecer ya andaban volteando pa\u2019 otro lado. GIRA Bien el discurso del ex Gordis, ayer que visit\u00f3 a los estudiantes de la Prepa 22, del CECyTE [&hellip;]<\/p>\n","protected":false},"author":9,"featured_media":886,"comment_status":"open","ping_status":"closed","sticky":false,"template":"","format":"standard","meta":{"footnotes":""},"categories":[1],"tags":[1376],"class_list":["post-9664","post","type-post","status-publish","format-standard","has-post-thumbnail","hentry","category-noticias","tag-la-bola-cuadrada"],"_links":{"self":[{"href":"https:\/\/laultimapalabra.com.mx\/portal\/wp-json\/wp\/v2\/posts\/9664","targetHints":{"allow":["GET"]}}],"collection":[{"href":"https:\/\/laultimapalabra.com.mx\/portal\/wp-json\/wp\/v2\/posts"}],"about":[{"href":"https:\/\/laultimapalabra.com.mx\/portal\/wp-json\/wp\/v2\/types\/post"}],"author":[{"embeddable":true,"href":"https:\/\/laultimapalabra.com.mx\/portal\/wp-json\/wp\/v2\/users\/9"}],"replies":[{"embeddable":true,"href":"https:\/\/laultimapalabra.com.mx\/portal\/wp-json\/wp\/v2\/comments?post=9664"}],"version-history":[{"count":1,"href":"https:\/\/laultimapalabra.com.mx\/portal\/wp-json\/wp\/v2\/posts\/9664\/revisions"}],"predecessor-version":[{"id":68143,"href":"https:\/\/laultimapalabra.com.mx\/portal\/wp-json\/wp\/v2\/posts\/9664\/revisions\/68143"}],"wp:featuredmedia":[{"embeddable":true,"href":"https:\/\/laultimapalabra.com.mx\/portal\/wp-json\/"}],"wp:attachment":[{"href":"https:\/\/laultimapalabra.com.mx\/portal\/wp-json\/wp\/v2\/media?parent=9664"}],"wp:term":[{"taxonomy":"category","embeddable":true,"href":"https:\/\/laultimapalabra.com.mx\/portal\/wp-json\/wp\/v2\/categories?post=9664"},{"taxonomy":"post_tag","embeddable":true,"href":"https:\/\/laultimapalabra.com.mx\/portal\/wp-json\/wp\/v2\/tags?post=9664"}],"curies":[{"name":"wp","href":"https:\/\/api.w.org\/{rel}","templated":true}]}}