                       {"id":9668,"date":"2019-08-15T22:18:35","date_gmt":"2019-08-16T03:18:35","guid":{"rendered":"http:\/\/laultimapalabra.info\/?p=9668"},"modified":"2024-12-11T08:56:09","modified_gmt":"2024-12-11T14:56:09","slug":"la-guarida-del-mapache-75","status":"publish","type":"post","link":"https:\/\/laultimapalabra.com.mx\/portal\/la-guarida-del-mapache-75\/","title":{"rendered":"La Guarida del Mapache"},"content":{"rendered":"<p style=\"text-align: justify;\"><img loading=\"lazy\" decoding=\"async\" class=\"size-medium wp-image-155 alignleft\" src=\"https:\/\/laultimapalabra.com.mx\/portal\/wp-content\/uploads\/2018\/02\/mapache-300x282.jpeg\" alt=\"\" width=\"300\" height=\"282\" \/>Por: El Mapache<\/p>\n<p style=\"text-align: justify;\">FILOSO<br \/>\nBueno raza, mejor empezamos jejeje porque la neta ando bien \u201cfiloso\u201d de tanto que tengo que cotorrearles jejeje porque estos funcionarios no se cansan raza de dar de qu\u00e9 hablar semanuca tras semanuca, as\u00ed que mejor iniciemos de una vez porque aqu\u00ed su \u201cservilleta\u201d ya se quiere arrancar pa\u00b4la Feria jejeje.<br \/>\nPERCHA<br \/>\nY pues el que siempre se pone de \u201cpechito\u201d compis es ni m\u00e1s ni menos que el ex rugi y ahora diputeibol Lalo \u201cChupitos\u201d Leal, que si no lo recuerdan fue muy criticado porque su novia jala de rugidora en el municipio de Allende, bueno pues ahora \u00e9l mismo sac\u00f3 un video en su face donde se sorprende que una persona en el Congreso no supiera que era legislador, jejeje y que pues con la percha que tiene \u00a1Imag\u00ednense compis!<br \/>\nCHAMBEAR<br \/>\nEl vato no se da cuenta que si ni jala, c\u00f3mo lo van a reconocer por la pura apariencia jejejeje lo que debe hacer en lugar de estar pensando que tiene \u201cfinta\u201d de gente bien, es ponerse a \u201cchambear\u201d porque la neta ya para que no lo reconozcan jejeje es porque no figura el compi.<br \/>\nESPIGA<br \/>\nY pues la feria ha estado hasta donde se puede decir muy buena raza, porque al menos no se han visto taaaantas quejas como en la \u00faltima edici\u00f3n de los panaderos, as\u00ed que por ese lado vamos de gane.<br \/>\nREINADO<br \/>\nAunque la que si se quej\u00f3 p\u00fablicamente y no de la Feria sino del certamen Srita Cadereyta 2019, fue la werita consentida \u201cKat\u201d Cavacitos, quesque por que la rugi \u201cClau\u201d ten\u00eda favorita y dem\u00e1s.<br \/>\nCALLE<br \/>\nHay que reconocer raza que la wera, aunque haya sido invitada por la administration, la neta es que tiene demasiadas tablas para este tipo de concursos, de haberse quedado ella hubiera ganado de calle sin duda alguna, pero no est\u00e1 de m\u00e1s recordar que estos cert\u00e1menes son para novatas, no para profesionales, y que por m\u00e1s que quisieron la neta del planeta es que no pudieron hacer que dicho certamen ganara credibilidad por ning\u00fan lado.<br \/>\nGANADORA<br \/>\nPorque aunque la chica que gan\u00f3 es guap\u00edsima, pues su triunfo se vio opacado tras ver que la nena estuvo muuuuy activa en la campa\u00f1a del \u201cbigotes\u201d y que muchos funcionarios municipales actuales la ten\u00edan bien identificada, as\u00ed que aunque haya ganado la nena a la \u201cbuena\u201d pues estos hechos \u201cmanosean\u201d su corona raza, y deja entrever que as\u00ed como en las compra de las luminarias, a ella tambi\u00e9n le benefici\u00f3 apoyar en campa\u00f1a al \u201cGreen\u201d, ni hablar, a veces las cosas buenas tambi\u00e9n pueden parecer malas.<br \/>\nVERDES<br \/>\nY hablando de los \u201cGreen\u201d y de las festividades en la Feria compis, la verdad es que se pasaron con el verde, neta que si porque una cosa es que sea su color institucional compis, y otra que lo \u201catasquen\u201d por todos lados y sin miramientos.<br \/>\nMARCIANOS<br \/>\nTanto as\u00ed que ni el \u201cBigotes\u201d Quintanilla se salv\u00f3 de parecer marciano jejejeje aparte del H. Cabildo y todo aquel que subiera al escenario jejeje, por otro lado raza habr\u00e1 que recordarle al buen \u201cKchito\u201d Olivares, que sigue existiendo el sound check jejeje por aquello de asegurarse que las proyecciones se escuchen, no como la biograf\u00eda del buen Kiko Montalvo durante su homenaje, que nom\u00e1s se ve\u00eda \u201ccorrer\u201d pero no se escuchaba nadita, nada.<br \/>\n\u00c9XITO<br \/>\nY pues aunque les duela, les arda y no lo puedan digerir raza, la Feria de la Espiga 2019 ha sido todo un \u00e9xito jejeje la raza no se ha quejado de los precios como en la \u00faltima que intent\u00f3 hacer el \u201cDe$pre$iado\u201d, tanto ha sido el coraje de los adversarios del \u201cBigotes\u201d Quintanilla por este rotundo \u00e9xito, que hasta publicidad falsa dejaron \u201crodar\u201d jejeje anunciando hasta a mi compa Juli\u00f3n \u00c1lvarez entre otros jejeje neta que m\u00e1s rid\u00edculos no pueden verse, nom\u00e1s demostrando que les corroe el coraje jejeje.<br \/>\nENMIENDA<br \/>\nY pasando a otro tema raza, d\u00e9jenme les cotorreo que el que trae harto jale y muy dif\u00edcil enmienda es ni m\u00e1s ni menos que Cosme, Cosm\u00edn, Chapul\u00edn a quien los del Clan Mubarki ya mandaron a visitar a cada \u201cazul\u201d que haya en mi querido C\u00e1diz, as\u00ed como lo leen, el hombre tiene la consigna de visitar a los \u201cpitufos\u201d uno por uno raza, eso s\u00ed unos lo reciben mal y otros \u201cpior\u201d (alguien sabe por qu\u00e9? Jejeje) pero lo que tiene que hacer es convencerlos raza, cosa que no vemos muy f\u00e1cil que digamos eh!<br \/>\nMA\u00d1AS<br \/>\nY conocedores de sus ma\u00f1as compis, los del Clan Mubarki ni tardes ni perezosos ya le dijeron que si quiere su apoyo incondicional, Cosme Cosm\u00edn Chapul\u00edn tendr\u00e1 que afiliarse al Partido, es decir que el hijo prodigo volver\u00e1 al seno familiar compis jejejeje \u00bfc\u00f3mo la ven? Y es que pues el Gordisemaforo se la pasa brinque y brinque de partido y pues \u201cintentan\u201d ponerle candado sin duda alguna jejeje.<br \/>\nEFECTIVO<br \/>\nY en otro lado, all\u00e1 con los rojos raza, el que result\u00f3 bastante efectivo raza fue ni m\u00e1s ni menos que el buen Fer Magullones, quien sac\u00f3 s\u00faper ganado al buen \u201cAlito\u201d en la dirigencia nacional del partiduco jejeje as\u00ed como lo leen, lo nombraron delegado del distrito 12 para dicho proceso y logr\u00f3 sacarlo bien holgado el jovenazo, y como no si se la ha pasado jalando por el bien de la raza, y eso los tricolores se lo devolvieron poniendo a su \u201cgallo\u201d en la dirigencia nacional, \u00a1enhorabuena por los dos!<br \/>\nCONGRATS<br \/>\nY ya para irnos raza, d\u00e9jenme le mando una gran felicitaci\u00f3n al Gama1000 que casi, casi nace el mismo d\u00eda que mi C\u00e1diz querido jejeje ya que el pasado 14 estuvo de manteles largos celebrando su birthday, esperamos que se la haya pasado de lujo y le reconocemos que la raza sigue contando con \u00e9l, que supimos por ah\u00ed que los sigue apoyando cuando tienen broncas y as\u00ed, y pues eso en un jefe siempre se agradece y reconoce, m\u00e1s trat\u00e1ndose de temas de salud\u2026 La vemos.<\/p>\n","protected":false},"excerpt":{"rendered":"<p>Por: El Mapache FILOSO Bueno raza, mejor empezamos jejeje porque la neta ando bien \u201cfiloso\u201d de tanto que tengo que cotorrearles jejeje porque estos funcionarios no se cansan raza de dar de qu\u00e9 hablar semanuca tras semanuca, as\u00ed que mejor iniciemos de una vez porque aqu\u00ed su \u201cservilleta\u201d ya se quiere arrancar pa\u00b4la Feria jejeje. [&hellip;]<\/p>\n","protected":false},"author":9,"featured_media":155,"comment_status":"open","ping_status":"closed","sticky":false,"template":"","format":"standard","meta":{"footnotes":""},"categories":[1],"tags":[940],"class_list":["post-9668","post","type-post","status-publish","format-standard","has-post-thumbnail","hentry","category-noticias","tag-el-mapache-la-guarida-del-mapache"],"_links":{"self":[{"href":"https:\/\/laultimapalabra.com.mx\/portal\/wp-json\/wp\/v2\/posts\/9668","targetHints":{"allow":["GET"]}}],"collection":[{"href":"https:\/\/laultimapalabra.com.mx\/portal\/wp-json\/wp\/v2\/posts"}],"about":[{"href":"https:\/\/laultimapalabra.com.mx\/portal\/wp-json\/wp\/v2\/types\/post"}],"author":[{"embeddable":true,"href":"https:\/\/laultimapalabra.com.mx\/portal\/wp-json\/wp\/v2\/users\/9"}],"replies":[{"embeddable":true,"href":"https:\/\/laultimapalabra.com.mx\/portal\/wp-json\/wp\/v2\/comments?post=9668"}],"version-history":[{"count":1,"href":"https:\/\/laultimapalabra.com.mx\/portal\/wp-json\/wp\/v2\/posts\/9668\/revisions"}],"predecessor-version":[{"id":68147,"href":"https:\/\/laultimapalabra.com.mx\/portal\/wp-json\/wp\/v2\/posts\/9668\/revisions\/68147"}],"wp:featuredmedia":[{"embeddable":true,"href":"https:\/\/laultimapalabra.com.mx\/portal\/wp-json\/"}],"wp:attachment":[{"href":"https:\/\/laultimapalabra.com.mx\/portal\/wp-json\/wp\/v2\/media?parent=9668"}],"wp:term":[{"taxonomy":"category","embeddable":true,"href":"https:\/\/laultimapalabra.com.mx\/portal\/wp-json\/wp\/v2\/categories?post=9668"},{"taxonomy":"post_tag","embeddable":true,"href":"https:\/\/laultimapalabra.com.mx\/portal\/wp-json\/wp\/v2\/tags?post=9668"}],"curies":[{"name":"wp","href":"https:\/\/api.w.org\/{rel}","templated":true}]}}