                       {"id":9742,"date":"2019-08-22T20:05:38","date_gmt":"2019-08-23T01:05:38","guid":{"rendered":"http:\/\/laultimapalabra.info\/?p=9742"},"modified":"2024-12-11T08:56:11","modified_gmt":"2024-12-11T14:56:11","slug":"licenciado-hector-gonzalez-gonzalez-primer-rector-de-la-uanl-todo-un-personaje-y-de-raices-jimenences","status":"publish","type":"post","link":"https:\/\/laultimapalabra.com.mx\/portal\/licenciado-hector-gonzalez-gonzalez-primer-rector-de-la-uanl-todo-un-personaje-y-de-raices-jimenences\/","title":{"rendered":"Licenciado H\u00e9ctor Gonz\u00e1lez Gonz\u00e1lez primer rector de la UANL, todo un personaje\u2026. Y de ra\u00edces Jimenences"},"content":{"rendered":"<div id=\"attachment_9744\" style=\"width: 235px\" class=\"wp-caption alignright\"><img loading=\"lazy\" decoding=\"async\" aria-describedby=\"caption-attachment-9744\" class=\"size-medium wp-image-9744\" src=\"https:\/\/laultimapalabra.com.mx\/portal\/wp-content\/uploads\/2019\/08\/Lic._H\u00e9ctor_Gonz\u00e1lez_Gonz\u00e1lez-225x300.jpg\" alt=\"\" width=\"225\" height=\"300\" \/><p id=\"caption-attachment-9744\" class=\"wp-caption-text\">Licenciado H\u00e9ctor Gonz\u00e1lez Gonz\u00e1lez primer rector de la UANL<\/p><\/div>\n<p style=\"text-align: justify;\">Por: Dr. Jos\u00e9 Ascensi\u00f3n Tijerina Flores<\/p>\n<p style=\"text-align: justify;\">Un 2 de agosto de 1948 muri\u00f3 inesperadamente el Lic. H\u00e9ctor Gonz\u00e1lez quien fuera hijo de Don Esteban Gonz\u00e1lez y Do\u00f1a Viviana Gonz\u00e1lez oriunda de esta ciudad de Cadereyta Jim\u00e9nez.<br \/>\nFue el primer rector de la entonces U de NL y pas\u00f3 su primera infancia y parte de su adolescencia en la tierra de origen de su se\u00f1ora madre. Don Esteban naci\u00f3 en Monterrey por recomendaciones m\u00e9dicas, ya que en aquel tiempo no hab\u00eda en Cadereyta seguridad y atenci\u00f3n m\u00e9dica que requer\u00eda su nacimiento.<br \/>\nNaci\u00f3 en la casa n\u00famero 16 de la calle Puente Nuevo (hoy General Zuazua) pero tan pronto fue posible retorno con su madre a esta tierra Jimenence.<br \/>\nFue un joven estudioso y reflexivo que se traslad\u00f3 a la ciudad de Monterrey para estudiar en el Colegio Civil en 1900. En 1905 se convirti\u00f3 en pasante de derecho.<br \/>\nLa literatura y el periodismo fueron por siempre su gran pasi\u00f3n formando parte de la sociedad de literatura cient\u00edfica \u201cDoctor Eleuterio Gonz\u00e1lez\u201d y comparti\u00f3 triunfos tempranos con Felipe Guerra Castro, Nemesio Garc\u00eda Naranjo, Santiago Roel, Joel Rocha y otros personajes c\u00e9lebres de su generaci\u00f3n.<br \/>\nFue director del diario \u201cLa Opini\u00f3n\u201d tiempo despu\u00e9s se traslad\u00f3 a Nuevo Orleans y a San Antonio Texas donde estaba su madre, su hermana y su esposa Aida Wuestrup de Gonz\u00e1lez con su hijo Ruy quien tambi\u00e9n hab\u00eda nacido en Monterrey.<br \/>\nEn 1913 se traslad\u00f3 a Mexicali donde fue regidor, juez, l\u00edder pol\u00edtico y director del diario \u201cVanguardia\u201d, primer peri\u00f3dico en espa\u00f1ol publicado en Baja California.<br \/>\nEn 1920 regres\u00f3 a Monterrey siendo procurador de justicia con el Gobernador Juan M. Garc\u00eda y cuando cae Garc\u00eda de la gubernatura Gonz\u00e1lez se va M\u00e9xico regresando en 1923 cuando fue nombrado director del diario \u201cEl Sol\u201d.<br \/>\nTiempo despu\u00e9s emigr\u00f3 a Tampico y regres\u00f3 a Monterrey para educar a sus hijos: Ruy, Esteban, H\u00e9ctor y Fern\u00e1n. Daba catedra de literatura en el colegio civil y en la facultad de leyes econom\u00eda pol\u00edtica. De 1931 a 1933 fue director de la escuela de leyes y en ese mismo a\u00f1o form\u00f3 parte de la comisi\u00f3n organizadora de la U de NL instituci\u00f3n de la que fue su primer rector.<br \/>\nEn su obra destacan \u201cestudios literarios\u201d, \u201cEl negrito poeta mexicano\u201d, \u201cEl cuervo\u201d,\u201d Curso breve de literatura\u201d, \u201cHistoria del colegio civil\u201d, \u201cSiglo y medio de cultura Nuevoleonesa\u201d, adem\u00e1s tres libros acerca del Emperador Maximiliano en 1947.<br \/>\nForm\u00f3 parte de la comisi\u00f3n de la sociedad Nuevoleonesa de Historia y Estad\u00edstica junto con Don Jos\u00e9 P. Salda\u00f1a, Don Santiago Roel y Don Carlos P\u00e9rez Maldonado para dise\u00f1ar el escudo de Nuevo Le\u00f3n.<br \/>\nDon H\u00e9ctor Gonz\u00e1lez fue Notario P\u00fablico desde 1937 hasta el d\u00eda de su muerte a causa de un mal cardiaco el 2 de agosto de 1948.<br \/>\nSin lugar a dudas todo un personaje ilustre y desgraciadamente olvidado e ignorado en nuestra tierra\u2026\u2026 su tierra de origen.<br \/>\nTomado de los art\u00edculos del Ing. Leopoldo Espinoza, cronista de la ciudad de Monterrey<br \/>\nGracias<\/p>\n<p style=\"text-align: justify;\">\n<p style=\"text-align: justify;\">\n","protected":false},"excerpt":{"rendered":"<p>Por: Dr. Jos\u00e9 Ascensi\u00f3n Tijerina Flores Un 2 de agosto de 1948 muri\u00f3 inesperadamente el Lic. H\u00e9ctor Gonz\u00e1lez quien fuera hijo de Don Esteban Gonz\u00e1lez y Do\u00f1a Viviana Gonz\u00e1lez oriunda de esta ciudad de Cadereyta Jim\u00e9nez. Fue el primer rector de la entonces U de NL y pas\u00f3 su primera infancia y parte de su [&hellip;]<\/p>\n","protected":false},"author":9,"featured_media":9744,"comment_status":"open","ping_status":"closed","sticky":false,"template":"","format":"standard","meta":{"footnotes":""},"categories":[1],"tags":[879],"class_list":["post-9742","post","type-post","status-publish","format-standard","has-post-thumbnail","hentry","category-noticias","tag-dr-jose-ascencion-tijerina-flores"],"_links":{"self":[{"href":"https:\/\/laultimapalabra.com.mx\/portal\/wp-json\/wp\/v2\/posts\/9742","targetHints":{"allow":["GET"]}}],"collection":[{"href":"https:\/\/laultimapalabra.com.mx\/portal\/wp-json\/wp\/v2\/posts"}],"about":[{"href":"https:\/\/laultimapalabra.com.mx\/portal\/wp-json\/wp\/v2\/types\/post"}],"author":[{"embeddable":true,"href":"https:\/\/laultimapalabra.com.mx\/portal\/wp-json\/wp\/v2\/users\/9"}],"replies":[{"embeddable":true,"href":"https:\/\/laultimapalabra.com.mx\/portal\/wp-json\/wp\/v2\/comments?post=9742"}],"version-history":[{"count":1,"href":"https:\/\/laultimapalabra.com.mx\/portal\/wp-json\/wp\/v2\/posts\/9742\/revisions"}],"predecessor-version":[{"id":68181,"href":"https:\/\/laultimapalabra.com.mx\/portal\/wp-json\/wp\/v2\/posts\/9742\/revisions\/68181"}],"wp:featuredmedia":[{"embeddable":true,"href":"https:\/\/laultimapalabra.com.mx\/portal\/wp-json\/"}],"wp:attachment":[{"href":"https:\/\/laultimapalabra.com.mx\/portal\/wp-json\/wp\/v2\/media?parent=9742"}],"wp:term":[{"taxonomy":"category","embeddable":true,"href":"https:\/\/laultimapalabra.com.mx\/portal\/wp-json\/wp\/v2\/categories?post=9742"},{"taxonomy":"post_tag","embeddable":true,"href":"https:\/\/laultimapalabra.com.mx\/portal\/wp-json\/wp\/v2\/tags?post=9742"}],"curies":[{"name":"wp","href":"https:\/\/api.w.org\/{rel}","templated":true}]}}