                       {"id":97677,"date":"2024-12-27T23:09:52","date_gmt":"2024-12-28T05:09:52","guid":{"rendered":"https:\/\/laultimapalabra.com.mx\/portal\/?p=97677"},"modified":"2024-12-27T23:09:52","modified_gmt":"2024-12-28T05:09:52","slug":"detien3n-a-presunto-vio14dor-y-dos-comp1ic3s","status":"publish","type":"post","link":"https:\/\/laultimapalabra.com.mx\/portal\/detien3n-a-presunto-vio14dor-y-dos-comp1ic3s\/","title":{"rendered":"Detien3n a presunto vio14dor y dos c\u00f3mp1ic3s"},"content":{"rendered":"<p>Cadereyta Jim\u00e9nez, N.L.<br \/>\nUna unidad de Seguridad P\u00fablica de esta ciudad, que circulaba por la calle Doroteo N\u00e1jar Navarro del Ejido Cadereyta, se encontraron con un cuadro inusual que alert\u00f3 a los tripulantes de la patrulla: una mujer, era sujetada por un hombre frente a una quinta de ese lugar.<br \/>\nLa mujer a gritos pidi\u00f3 el apoyo policiaco, se\u00f1alando al hombre, como quien la hab\u00eda violado y la ten\u00eda privada de su libertad desde un d\u00eda antes.<br \/>\nAl ser sometido al presunto atacante de la mujer, quien fue identificado como Luis A.N., de 33 a\u00f1os, del interior de la quinta sali\u00f3 un hombre y una mujer, tratando de evitar la acci\u00f3n de las autoridades.<br \/>\nLos c\u00f3mplices dijeron llamarse Luis C\u00e9sar N de 32 a\u00f1os de edad y Miriam N de 22 a\u00f1os de edad, quienes fueron puestos a disposici\u00f3n del Code, por los delitos de Violaci\u00f3n, Privaci\u00f3n de la Libertad y Resistencia a Particulares y\u00a0lo\u00a0que\u00a0resulte.<\/p>\n","protected":false},"excerpt":{"rendered":"<p>Cadereyta Jim\u00e9nez, N.L. Una unidad de Seguridad P\u00fablica de esta ciudad, que circulaba por la calle Doroteo N\u00e1jar Navarro del Ejido Cadereyta, se encontraron con un cuadro inusual que alert\u00f3 a los tripulantes de la patrulla: una mujer, era sujetada por un hombre frente a una quinta de ese lugar. La mujer a gritos pidi\u00f3 [&hellip;]<\/p>\n","protected":false},"author":14,"featured_media":97674,"comment_status":"closed","ping_status":"closed","sticky":false,"template":"","format":"standard","meta":{"footnotes":""},"categories":[9],"tags":[12395,3985,4816],"class_list":["post-97677","post","type-post","status-publish","format-standard","has-post-thumbnail","hentry","category-seguridad-cadereyta","tag-cadereyta-jim-nl","tag-ejido-cadereyta","tag-presunto-violador"],"_links":{"self":[{"href":"https:\/\/laultimapalabra.com.mx\/portal\/wp-json\/wp\/v2\/posts\/97677","targetHints":{"allow":["GET"]}}],"collection":[{"href":"https:\/\/laultimapalabra.com.mx\/portal\/wp-json\/wp\/v2\/posts"}],"about":[{"href":"https:\/\/laultimapalabra.com.mx\/portal\/wp-json\/wp\/v2\/types\/post"}],"author":[{"embeddable":true,"href":"https:\/\/laultimapalabra.com.mx\/portal\/wp-json\/wp\/v2\/users\/14"}],"replies":[{"embeddable":true,"href":"https:\/\/laultimapalabra.com.mx\/portal\/wp-json\/wp\/v2\/comments?post=97677"}],"version-history":[{"count":1,"href":"https:\/\/laultimapalabra.com.mx\/portal\/wp-json\/wp\/v2\/posts\/97677\/revisions"}],"predecessor-version":[{"id":97678,"href":"https:\/\/laultimapalabra.com.mx\/portal\/wp-json\/wp\/v2\/posts\/97677\/revisions\/97678"}],"wp:featuredmedia":[{"embeddable":true,"href":"https:\/\/laultimapalabra.com.mx\/portal\/wp-json\/wp\/v2\/media\/97674"}],"wp:attachment":[{"href":"https:\/\/laultimapalabra.com.mx\/portal\/wp-json\/wp\/v2\/media?parent=97677"}],"wp:term":[{"taxonomy":"category","embeddable":true,"href":"https:\/\/laultimapalabra.com.mx\/portal\/wp-json\/wp\/v2\/categories?post=97677"},{"taxonomy":"post_tag","embeddable":true,"href":"https:\/\/laultimapalabra.com.mx\/portal\/wp-json\/wp\/v2\/tags?post=97677"}],"curies":[{"name":"wp","href":"https:\/\/api.w.org\/{rel}","templated":true}]}}