                       {"id":97788,"date":"2025-01-06T14:44:42","date_gmt":"2025-01-06T20:44:42","guid":{"rendered":"https:\/\/laultimapalabra.com.mx\/portal\/?p=97788"},"modified":"2025-01-06T14:44:42","modified_gmt":"2025-01-06T20:44:42","slug":"anuncia-gobernador-30-unidades-de-transporte-y-corredor-vial-para-cadereyta","status":"publish","type":"post","link":"https:\/\/laultimapalabra.com.mx\/portal\/anuncia-gobernador-30-unidades-de-transporte-y-corredor-vial-para-cadereyta\/","title":{"rendered":"Anuncia Gobernador 30 unidades de transporte y corredor vial para Cadereyta"},"content":{"rendered":"<p>&nbsp;<\/p>\n<p>Cadereyta Jim., N.L.- En su visita al Municipio de Cadereyta, el Gobernador del Estado, Samuel Garc\u00eda, reiter\u00f3 su compromiso al apoyar al alcalde Carlos &#8220;El Cuate&#8221; en el tema de transporte, seguridad, pavimentaci\u00f3n y obra p\u00fablica.<br \/>\nDurante su estancia en en la ciudad, hizo menci\u00f3n que el municipio est\u00e1 severamente da\u00f1ado en sus calles, &#8220;viviendo entre baches&#8221;, ya que por mal manejo administrativo de otras administraciones, Cadereyta no tuvo mejoras.<\/p>\n<p><img loading=\"lazy\" decoding=\"async\" class=\"alignnone size-medium wp-image-97795\" src=\"https:\/\/laultimapalabra.com.mx\/portal\/wp-content\/uploads\/2025\/01\/WhatsApp-Image-2025-01-06-at-1.58.30-PM-1-300x225.jpeg\" alt=\"\" width=\"300\" height=\"225\" srcset=\"https:\/\/laultimapalabra.com.mx\/portal\/wp-content\/uploads\/2025\/01\/WhatsApp-Image-2025-01-06-at-1.58.30-PM-1-300x225.jpeg 300w, https:\/\/laultimapalabra.com.mx\/portal\/wp-content\/uploads\/2025\/01\/WhatsApp-Image-2025-01-06-at-1.58.30-PM-1-1024x768.jpeg 1024w, https:\/\/laultimapalabra.com.mx\/portal\/wp-content\/uploads\/2025\/01\/WhatsApp-Image-2025-01-06-at-1.58.30-PM-1-768x576.jpeg 768w, https:\/\/laultimapalabra.com.mx\/portal\/wp-content\/uploads\/2025\/01\/WhatsApp-Image-2025-01-06-at-1.58.30-PM-1-1536x1152.jpeg 1536w, https:\/\/laultimapalabra.com.mx\/portal\/wp-content\/uploads\/2025\/01\/WhatsApp-Image-2025-01-06-at-1.58.30-PM-1.jpeg 1600w\" sizes=\"auto, (max-width: 300px) 100vw, 300px\" \/><br \/>\nMencion\u00f3 que llegar\u00e1n 30 unidades nuevas de transporte completamente equipadas con internet y clima, as\u00ed como crear un corredor vial conectando Guadalupe-Juarez-Cadereyta, en d\u00f3nde con un solo pago se llegu\u00e9 hasta la zona metropolitana, esto apoyado porque en el 2026 se prev\u00e9 que Nuevo Le\u00f3n sea sede de la Copa del Mundo.<\/p>\n","protected":false},"excerpt":{"rendered":"<p>&nbsp; Cadereyta Jim., N.L.- En su visita al Municipio de Cadereyta, el Gobernador del Estado, Samuel Garc\u00eda, reiter\u00f3 su compromiso al apoyar al alcalde Carlos &#8220;El Cuate&#8221; en el tema de transporte, seguridad, pavimentaci\u00f3n y obra p\u00fablica. Durante su estancia en en la ciudad, hizo menci\u00f3n que el municipio est\u00e1 severamente da\u00f1ado en sus calles, [&hellip;]<\/p>\n","protected":false},"author":14,"featured_media":97796,"comment_status":"closed","ping_status":"closed","sticky":false,"template":"","format":"standard","meta":{"footnotes":""},"categories":[17],"tags":[12635,12395,12636,1741,2071,2112,4511],"class_list":["post-97788","post","type-post","status-publish","format-standard","has-post-thumbnail","hentry","category-locales-cadereyta","tag-alcalde-carlos-el-cuate","tag-cadereyta-jim-nl","tag-obra-publica","tag-pavimentacion","tag-samuel-garcia","tag-seguridad","tag-transporte"],"_links":{"self":[{"href":"https:\/\/laultimapalabra.com.mx\/portal\/wp-json\/wp\/v2\/posts\/97788","targetHints":{"allow":["GET"]}}],"collection":[{"href":"https:\/\/laultimapalabra.com.mx\/portal\/wp-json\/wp\/v2\/posts"}],"about":[{"href":"https:\/\/laultimapalabra.com.mx\/portal\/wp-json\/wp\/v2\/types\/post"}],"author":[{"embeddable":true,"href":"https:\/\/laultimapalabra.com.mx\/portal\/wp-json\/wp\/v2\/users\/14"}],"replies":[{"embeddable":true,"href":"https:\/\/laultimapalabra.com.mx\/portal\/wp-json\/wp\/v2\/comments?post=97788"}],"version-history":[{"count":1,"href":"https:\/\/laultimapalabra.com.mx\/portal\/wp-json\/wp\/v2\/posts\/97788\/revisions"}],"predecessor-version":[{"id":97797,"href":"https:\/\/laultimapalabra.com.mx\/portal\/wp-json\/wp\/v2\/posts\/97788\/revisions\/97797"}],"wp:featuredmedia":[{"embeddable":true,"href":"https:\/\/laultimapalabra.com.mx\/portal\/wp-json\/wp\/v2\/media\/97796"}],"wp:attachment":[{"href":"https:\/\/laultimapalabra.com.mx\/portal\/wp-json\/wp\/v2\/media?parent=97788"}],"wp:term":[{"taxonomy":"category","embeddable":true,"href":"https:\/\/laultimapalabra.com.mx\/portal\/wp-json\/wp\/v2\/categories?post=97788"},{"taxonomy":"post_tag","embeddable":true,"href":"https:\/\/laultimapalabra.com.mx\/portal\/wp-json\/wp\/v2\/tags?post=97788"}],"curies":[{"name":"wp","href":"https:\/\/api.w.org\/{rel}","templated":true}]}}