                       {"id":9780,"date":"2019-08-22T20:38:01","date_gmt":"2019-08-23T01:38:01","guid":{"rendered":"http:\/\/laultimapalabra.info\/?p=9780"},"modified":"2024-12-11T08:56:11","modified_gmt":"2024-12-11T14:56:11","slug":"la-bola-cuadrada-76","status":"publish","type":"post","link":"https:\/\/laultimapalabra.com.mx\/portal\/la-bola-cuadrada-76\/","title":{"rendered":"La Bola Cuadrada"},"content":{"rendered":"<p><img loading=\"lazy\" decoding=\"async\" class=\"size-medium wp-image-886 alignleft\" src=\"https:\/\/laultimapalabra.com.mx\/portal\/wp-content\/uploads\/2018\/03\/Logo-La-bola-cuadrada-223x300.jpg\" alt=\"\" width=\"223\" height=\"300\" \/>Por: El Rompepicos<\/p>\n<p style=\"text-align: justify;\">PARTIDOS<\/p>\n<p style=\"text-align: justify;\">A poco menos de dos a\u00f1os, ya cada partidazo est\u00e1 clarificando sus candidotes para el 2021 y no se ve ning\u00fan independiente alborotado.<\/p>\n<p style=\"text-align: justify;\">CAPIT\u00c1N<\/p>\n<p style=\"text-align: justify;\">Se escucha que hasta el Capit\u00e1n Am\u00e9rica pudiera ir por un partido y dejar\u00eda de ser \u201cIndependiente\u201d ya que ahora es hasta independiente del Bronco, al que po\u2019s nom\u00e1s no le funcion\u00f3 el sistema.<\/p>\n<p style=\"text-align: justify;\">TIEMPOS<\/p>\n<p style=\"text-align: justify;\">\u00bfQu\u00e9 partido podr\u00eda ser el que abandere al Capit\u00e1n Am\u00e9rica? pues podr\u00eda ser uno que lo desair\u00f3 en su tiempo y que no es el PRI. Mismo partido cuyo presidente dijo: el candidato tiene que ser panistas,. Caray c\u00f3mo pasan los tiempos\u2026 y las palabras tambi\u00e9n.<\/p>\n<p style=\"text-align: justify;\">NA, NA, NA, NA, NA<\/p>\n<p style=\"text-align: justify;\">Nos aseguran los que dicen que saben, que por el Orange va el Doc Felipe, que ya la tiene apalabrada y el Petro tendr\u00e1 que buscar otro color y firma.<\/p>\n<p style=\"text-align: justify;\">ESPINOSA<\/p>\n<p style=\"text-align: justify;\">Agregan que la candidata de Morena ya est\u00e1 muy perfilada una aspirante muy \u201cEspinosa\u201d y muy \u201cMontera\u201d, saque usted conclusiones. Ahorita despacha en el Congreso.<\/p>\n<p style=\"text-align: justify;\">PRI<\/p>\n<p style=\"text-align: justify;\">Por el PRI a\u00fan no hay luces y al parecer est\u00e1 bien guardado el suspirante, pero pues tiene que prepararse a una dura batalla, dif\u00edcil, pero no imposible.<\/p>\n<p style=\"text-align: justify;\">CORTES Y RECORTES<\/p>\n<p style=\"text-align: justify;\">Esta semana dicen que la Huichipila vol\u00f3 varias cabezas de varias dependencias y contin\u00faa en el aire, agregan que esta semana andar\u00e1 por el \u00e1rea de alumbrado y Servicios P\u00fablicos. \u00a1Aguas!<\/p>\n<p style=\"text-align: justify;\">SALUDOS<\/p>\n<p style=\"text-align: justify;\">Atrasadillos, pero saludamos a Martha de all\u00e1 por la Secretar\u00eda de Desarrollo Econ\u00f3mico, adem\u00e1s de Yaz Taz, titular de RH, a la que agasajaron sus compas de escritorio.<\/p>\n<p style=\"text-align: justify;\">RAMONCITO<\/p>\n<p style=\"text-align: justify;\">Enviamos un saludo a don Ram\u00f3n Lozano, cronista municipal y los deseos de pronta salud.<\/p>\n<p style=\"text-align: justify;\">\n<p style=\"text-align: justify;\">\n","protected":false},"excerpt":{"rendered":"<p>Por: El Rompepicos PARTIDOS A poco menos de dos a\u00f1os, ya cada partidazo est\u00e1 clarificando sus candidotes para el 2021 y no se ve ning\u00fan independiente alborotado. CAPIT\u00c1N Se escucha que hasta el Capit\u00e1n Am\u00e9rica pudiera ir por un partido y dejar\u00eda de ser \u201cIndependiente\u201d ya que ahora es hasta independiente del Bronco, al que [&hellip;]<\/p>\n","protected":false},"author":9,"featured_media":886,"comment_status":"open","ping_status":"closed","sticky":false,"template":"","format":"standard","meta":{"footnotes":""},"categories":[1],"tags":[946],"class_list":["post-9780","post","type-post","status-publish","format-standard","has-post-thumbnail","hentry","category-noticias","tag-el-rompepicos-la-bola-cuadrada"],"_links":{"self":[{"href":"https:\/\/laultimapalabra.com.mx\/portal\/wp-json\/wp\/v2\/posts\/9780","targetHints":{"allow":["GET"]}}],"collection":[{"href":"https:\/\/laultimapalabra.com.mx\/portal\/wp-json\/wp\/v2\/posts"}],"about":[{"href":"https:\/\/laultimapalabra.com.mx\/portal\/wp-json\/wp\/v2\/types\/post"}],"author":[{"embeddable":true,"href":"https:\/\/laultimapalabra.com.mx\/portal\/wp-json\/wp\/v2\/users\/9"}],"replies":[{"embeddable":true,"href":"https:\/\/laultimapalabra.com.mx\/portal\/wp-json\/wp\/v2\/comments?post=9780"}],"version-history":[{"count":1,"href":"https:\/\/laultimapalabra.com.mx\/portal\/wp-json\/wp\/v2\/posts\/9780\/revisions"}],"predecessor-version":[{"id":68203,"href":"https:\/\/laultimapalabra.com.mx\/portal\/wp-json\/wp\/v2\/posts\/9780\/revisions\/68203"}],"wp:featuredmedia":[{"embeddable":true,"href":"https:\/\/laultimapalabra.com.mx\/portal\/wp-json\/"}],"wp:attachment":[{"href":"https:\/\/laultimapalabra.com.mx\/portal\/wp-json\/wp\/v2\/media?parent=9780"}],"wp:term":[{"taxonomy":"category","embeddable":true,"href":"https:\/\/laultimapalabra.com.mx\/portal\/wp-json\/wp\/v2\/categories?post=9780"},{"taxonomy":"post_tag","embeddable":true,"href":"https:\/\/laultimapalabra.com.mx\/portal\/wp-json\/wp\/v2\/tags?post=9780"}],"curies":[{"name":"wp","href":"https:\/\/api.w.org\/{rel}","templated":true}]}}