                       {"id":9784,"date":"2019-08-22T20:44:28","date_gmt":"2019-08-23T01:44:28","guid":{"rendered":"http:\/\/laultimapalabra.info\/?p=9784"},"modified":"2024-12-11T08:56:11","modified_gmt":"2024-12-11T14:56:11","slug":"la-guarida-del-mapache-76","status":"publish","type":"post","link":"https:\/\/laultimapalabra.com.mx\/portal\/la-guarida-del-mapache-76\/","title":{"rendered":"La Guarida del Mapache"},"content":{"rendered":"<p style=\"text-align: justify;\"><img loading=\"lazy\" decoding=\"async\" class=\"size-medium wp-image-155 alignleft\" src=\"https:\/\/laultimapalabra.com.mx\/portal\/wp-content\/uploads\/2018\/02\/mapache-300x282.jpeg\" alt=\"\" width=\"300\" height=\"282\" \/>Por: El Mapache<\/p>\n<p style=\"text-align: justify;\">Qu\u00e9 ha habido mi querida raza mapachuda, espero que hayan tenido una semanuca bien productiva as\u00ed como su \u201cservilleta\u201d y que est\u00e9n planeando divertirse de lo lindo este weekend antes de que las \u201cbendiciones\u201d regresen al ajetreo escolar (bendito dios jejeje) del pr\u00f3ximo lunes.<br \/>\n\u00daTILES<br \/>\nY como ya sabr\u00e1n toda la raza anda buscando buenos precios y calidades para sus bendis en esa cuesti\u00f3n de lo \u00fatiles escolares compis y como en todo, pues la polaca no deja de querer \u201caprovechar\u201d esta situaci\u00f3n y comienzan todos quesque con la venta de paquetes de \u00fatiles a bajo costo, o que si los donan y as\u00ed.<br \/>\nPRIMERO<br \/>\nPero pues en este apartado debemos reconocer que el que se llev\u00f3 el m\u00e9rito por haber iniciado con la venta de mochila econ\u00f3micas y \u00fatiles fue ni m\u00e1s ni menos que el Fer Magullones, quien adem\u00e1s de vender las mochi sin logos ni nada del partiduco, pues con lo que se junt\u00f3 fue y compr\u00f3 m\u00e1s \u00fatiles y mochilas pero esta vez para donarlas a los peques tanto de las rancher\u00edas como de las colonias en el casco del municipio que m\u00e1s lo necesitaran \u00a1bien por \u00e9l raza! Acu\u00e9rdense que el que \u201cpega\u201d primero, pega dos veces eh.<br \/>\nSEGUNDO<br \/>\nY pues ya luego le siguieron el \u201cGreen\u201d y el Cosme Cosmin Chapulin jejeje quien ni tarde ni perezoso ya anda poniendo sus corazoncitos azules por todos lados raza jejejeje obviamente siempre siendo muy obvios sus \u201cgolpeteos\u201d de que donar si es bueno y vender a bajo costo no, jejejej ya se le anda olvidando cuando era rojo y que su partiduco tambi\u00e9n \u201cvend\u00eda\u201d los paquetes de \u00fatiles, no, si les digo que no hay que escupir pa arriba.<br \/>\nLUMINARIAS<br \/>\nEn tema aparte raza, pues d\u00e9jenme les cotorreo que el Muni ya comenz\u00f3 a poner las 2mil luminarias que se acaban de comprar, y eso s\u00ed, la raza ya nada vio que andaba el \u201cBigotes\u201d Quintanilla en esas jejeje y que se le dejan ir pidi\u00e9ndole luminarias para sus respectivas colonias, quesque porque est\u00e1 muy oscuro, que a Chuchito lo bolsearon y as\u00ed sucesivamente jejeje as\u00ed que el \u201cbigotes\u201d tiene una tarea bastante larga y cansada en ese temas compis.<br \/>\nFERIA<br \/>\nY pues bueno raza, nuestros festejos finalizaron bien lo que sea de cada quien, porque pa\u00b4 empezar la raza no se quej\u00f3 tanto de la Feria como en a\u00f1os anteriores, adem\u00e1s de que pues es sano entretenimiento para todos y eso tambi\u00e9n nos hace falta de vez en cuando compis.<br \/>\nMADUREZ<br \/>\nPol\u00edtica fue la que mostraron las legisladoras de Morena hace unos d\u00edas cuando estuvieron atendiendo audiencia en la Plaza Principal de mi querido C\u00e1diz, si hombre hablamos de la chaparrita de oro Payola Gonz\u00e1lez, Betty de los Chamucos y la rugi Clau \u201cthe princess\u201d jejeje, cuando recibieron en su rueda de Prensa al \u201cBigotes\u201d Quintanilla, quien tambi\u00e9n recalc\u00f3 que ya no se deben ver \u201ccolores\u201d y que hay que trabajar por el bien de todos los jimenenses sin distinci\u00f3n.<br \/>\nCONGRATULATIONS<br \/>\nRete hartas felicitaciones raza a los compis que realizan la valiosa y noble labor de bomberos raza, sobre todo a los de Servicios de Emergencia de mi C\u00e1diz querido comandados por mi buen cuate Memin Pinguin, quienes ayer en pleno festejo por su d\u00eda tuvieron que salir a atender varios incendios simultaneaos que se dieron en la ciudad, demostrando que son raza valerosa que antes que la diversi\u00f3n est\u00e1 el jale, \u00a1bien por ellos! Esperamos que el \u201cBigotes\u201d Quintanilla les haya hecho un buen obsequio raza.<br \/>\nNO TODOS<br \/>\nNo as\u00ed podr\u00edamos hablar de los compis que son agentes de tr\u00e1nsito, de quienes d\u00e9jenme les platico que a cada rato me est\u00e1n llegando quejas jejejeje, y pues uno ya sabe c\u00f3mo se jala en esos rubros compis, eso no es novedad, lo que si lo es es que se le vayan al \u201cba\u00f1o\u201d a la raza, habr\u00e1 que ir viendo con quien presentar las quejas compis, porque alguien debe ser responsable de estos individuos en el Muni \u00bfo no?<br \/>\n25<br \/>\nY pues bueno compis, habr\u00e1 que esperar a ver qu\u00e9 sucede el pr\u00f3ximo dominguito con aquello del mes que tiene que estar en nuestras tierras la \u201cJuerza Civil\u201d , a ver si se va, si se queda o qu\u00e9 pex, lo \u00fanico cierto es que as\u00ed como que digan que resolvieron todos los misterios pues la verdad que no \u00bfeh? porque d\u00e9jenme les cotorreo que esa corporaci\u00f3n tambi\u00e9n tiene sus fallitas, pero bueno, ya el lunes sabremos si el Gama1000 regresa, si le dejan esos \u201ccandaditos\u201d o qu\u00e9 pasar\u00e1 con la security de nuestro hermoso Cadiz compis.<br \/>\nFELIZ INICIO DE CLASES<br \/>\nY pues feliz inicio de ciclo escolar para las mamis y los papis jejeje pero no tanto para las mayestras y los peques, que empiecen las correderas raza jejejeje\u2026.La vemos.<\/p>\n","protected":false},"excerpt":{"rendered":"<p>Por: El Mapache Qu\u00e9 ha habido mi querida raza mapachuda, espero que hayan tenido una semanuca bien productiva as\u00ed como su \u201cservilleta\u201d y que est\u00e9n planeando divertirse de lo lindo este weekend antes de que las \u201cbendiciones\u201d regresen al ajetreo escolar (bendito dios jejeje) del pr\u00f3ximo lunes. \u00daTILES Y como ya sabr\u00e1n toda la raza [&hellip;]<\/p>\n","protected":false},"author":9,"featured_media":155,"comment_status":"open","ping_status":"closed","sticky":false,"template":"","format":"standard","meta":{"footnotes":""},"categories":[1],"tags":[940],"class_list":["post-9784","post","type-post","status-publish","format-standard","has-post-thumbnail","hentry","category-noticias","tag-el-mapache-la-guarida-del-mapache"],"_links":{"self":[{"href":"https:\/\/laultimapalabra.com.mx\/portal\/wp-json\/wp\/v2\/posts\/9784","targetHints":{"allow":["GET"]}}],"collection":[{"href":"https:\/\/laultimapalabra.com.mx\/portal\/wp-json\/wp\/v2\/posts"}],"about":[{"href":"https:\/\/laultimapalabra.com.mx\/portal\/wp-json\/wp\/v2\/types\/post"}],"author":[{"embeddable":true,"href":"https:\/\/laultimapalabra.com.mx\/portal\/wp-json\/wp\/v2\/users\/9"}],"replies":[{"embeddable":true,"href":"https:\/\/laultimapalabra.com.mx\/portal\/wp-json\/wp\/v2\/comments?post=9784"}],"version-history":[{"count":1,"href":"https:\/\/laultimapalabra.com.mx\/portal\/wp-json\/wp\/v2\/posts\/9784\/revisions"}],"predecessor-version":[{"id":68207,"href":"https:\/\/laultimapalabra.com.mx\/portal\/wp-json\/wp\/v2\/posts\/9784\/revisions\/68207"}],"wp:featuredmedia":[{"embeddable":true,"href":"https:\/\/laultimapalabra.com.mx\/portal\/wp-json\/"}],"wp:attachment":[{"href":"https:\/\/laultimapalabra.com.mx\/portal\/wp-json\/wp\/v2\/media?parent=9784"}],"wp:term":[{"taxonomy":"category","embeddable":true,"href":"https:\/\/laultimapalabra.com.mx\/portal\/wp-json\/wp\/v2\/categories?post=9784"},{"taxonomy":"post_tag","embeddable":true,"href":"https:\/\/laultimapalabra.com.mx\/portal\/wp-json\/wp\/v2\/tags?post=9784"}],"curies":[{"name":"wp","href":"https:\/\/api.w.org\/{rel}","templated":true}]}}