                       {"id":97976,"date":"2025-01-10T14:26:45","date_gmt":"2025-01-10T20:26:45","guid":{"rendered":"https:\/\/laultimapalabra.com.mx\/portal\/?p=97976"},"modified":"2025-01-10T14:26:45","modified_gmt":"2025-01-10T20:26:45","slug":"se-incendia-casa-por-corto-circuito-en-valle-de-los-encinos","status":"publish","type":"post","link":"https:\/\/laultimapalabra.com.mx\/portal\/se-incendia-casa-por-corto-circuito-en-valle-de-los-encinos\/","title":{"rendered":"Se incendia casa por corto circuito en Valle de los Encinos"},"content":{"rendered":"<p>Cadereyta Jim., N.L.- La ma\u00f1ana de este jueves 9 de enero, Eliza Gaona, de 19 a\u00f1os, junto con su esposo de 21 a\u00f1os, despertaron alrededor de las 7:00 horas a causa de un incendio provocado por un corto circuito.<\/p>\n<p><img loading=\"lazy\" decoding=\"async\" class=\"alignnone wp-image-97988 size-large\" src=\"https:\/\/laultimapalabra.com.mx\/portal\/wp-content\/uploads\/2025\/01\/WhatsApp-Image-2025-01-10-at-2.07.13-PM-1024x768.jpeg\" alt=\"\" width=\"740\" height=\"555\" srcset=\"https:\/\/laultimapalabra.com.mx\/portal\/wp-content\/uploads\/2025\/01\/WhatsApp-Image-2025-01-10-at-2.07.13-PM-1024x768.jpeg 1024w, https:\/\/laultimapalabra.com.mx\/portal\/wp-content\/uploads\/2025\/01\/WhatsApp-Image-2025-01-10-at-2.07.13-PM-300x225.jpeg 300w, https:\/\/laultimapalabra.com.mx\/portal\/wp-content\/uploads\/2025\/01\/WhatsApp-Image-2025-01-10-at-2.07.13-PM-768x576.jpeg 768w, https:\/\/laultimapalabra.com.mx\/portal\/wp-content\/uploads\/2025\/01\/WhatsApp-Image-2025-01-10-at-2.07.13-PM-1536x1152.jpeg 1536w, https:\/\/laultimapalabra.com.mx\/portal\/wp-content\/uploads\/2025\/01\/WhatsApp-Image-2025-01-10-at-2.07.13-PM.jpeg 1600w\" sizes=\"auto, (max-width: 740px) 100vw, 740px\" \/> <img loading=\"lazy\" decoding=\"async\" class=\"alignnone wp-image-97989 size-large\" src=\"https:\/\/laultimapalabra.com.mx\/portal\/wp-content\/uploads\/2025\/01\/WhatsApp-Image-2025-01-10-at-2.07.12-PM-1024x768.jpeg\" alt=\"\" width=\"740\" height=\"555\" srcset=\"https:\/\/laultimapalabra.com.mx\/portal\/wp-content\/uploads\/2025\/01\/WhatsApp-Image-2025-01-10-at-2.07.12-PM-1024x768.jpeg 1024w, https:\/\/laultimapalabra.com.mx\/portal\/wp-content\/uploads\/2025\/01\/WhatsApp-Image-2025-01-10-at-2.07.12-PM-300x225.jpeg 300w, https:\/\/laultimapalabra.com.mx\/portal\/wp-content\/uploads\/2025\/01\/WhatsApp-Image-2025-01-10-at-2.07.12-PM-768x576.jpeg 768w, https:\/\/laultimapalabra.com.mx\/portal\/wp-content\/uploads\/2025\/01\/WhatsApp-Image-2025-01-10-at-2.07.12-PM-1536x1152.jpeg 1536w, https:\/\/laultimapalabra.com.mx\/portal\/wp-content\/uploads\/2025\/01\/WhatsApp-Image-2025-01-10-at-2.07.12-PM.jpeg 1600w\" sizes=\"auto, (max-width: 740px) 100vw, 740px\" \/><br \/>\nLos hechos se registraron en la calle Orqu\u00eddea 164 colonia Valle de los Encinos, en donde Eliza, gracias a las redes sociales, pidi\u00f3 art\u00edculos dom\u00e9sticos a la comunidad, donde r\u00e1pidamente se hizo viral su caso teniendo pronta respuesta.<br \/>\nDurante el incendio, un vecino brind\u00f3 apoyo para que pudiera salir el joven matrimonio, pues las llamas consumieron todo y no pudieron salvar nada material.<\/p>\n<p><img loading=\"lazy\" decoding=\"async\" class=\"alignnone wp-image-97986 size-large\" src=\"https:\/\/laultimapalabra.com.mx\/portal\/wp-content\/uploads\/2025\/01\/WhatsApp-Image-2025-01-10-at-2.07.54-PM-1024x768.jpeg\" alt=\"\" width=\"740\" height=\"555\" srcset=\"https:\/\/laultimapalabra.com.mx\/portal\/wp-content\/uploads\/2025\/01\/WhatsApp-Image-2025-01-10-at-2.07.54-PM-1024x768.jpeg 1024w, https:\/\/laultimapalabra.com.mx\/portal\/wp-content\/uploads\/2025\/01\/WhatsApp-Image-2025-01-10-at-2.07.54-PM-300x225.jpeg 300w, https:\/\/laultimapalabra.com.mx\/portal\/wp-content\/uploads\/2025\/01\/WhatsApp-Image-2025-01-10-at-2.07.54-PM-768x576.jpeg 768w, https:\/\/laultimapalabra.com.mx\/portal\/wp-content\/uploads\/2025\/01\/WhatsApp-Image-2025-01-10-at-2.07.54-PM-1536x1152.jpeg 1536w, https:\/\/laultimapalabra.com.mx\/portal\/wp-content\/uploads\/2025\/01\/WhatsApp-Image-2025-01-10-at-2.07.54-PM.jpeg 1600w\" sizes=\"auto, (max-width: 740px) 100vw, 740px\" \/> <img loading=\"lazy\" decoding=\"async\" class=\"alignnone wp-image-97987 size-large\" src=\"https:\/\/laultimapalabra.com.mx\/portal\/wp-content\/uploads\/2025\/01\/WhatsApp-Image-2025-01-10-at-2.07.14-PM-1024x768.jpeg\" alt=\"\" width=\"740\" height=\"555\" srcset=\"https:\/\/laultimapalabra.com.mx\/portal\/wp-content\/uploads\/2025\/01\/WhatsApp-Image-2025-01-10-at-2.07.14-PM-1024x768.jpeg 1024w, https:\/\/laultimapalabra.com.mx\/portal\/wp-content\/uploads\/2025\/01\/WhatsApp-Image-2025-01-10-at-2.07.14-PM-300x225.jpeg 300w, https:\/\/laultimapalabra.com.mx\/portal\/wp-content\/uploads\/2025\/01\/WhatsApp-Image-2025-01-10-at-2.07.14-PM-768x576.jpeg 768w, https:\/\/laultimapalabra.com.mx\/portal\/wp-content\/uploads\/2025\/01\/WhatsApp-Image-2025-01-10-at-2.07.14-PM-1536x1152.jpeg 1536w, https:\/\/laultimapalabra.com.mx\/portal\/wp-content\/uploads\/2025\/01\/WhatsApp-Image-2025-01-10-at-2.07.14-PM.jpeg 1600w\" sizes=\"auto, (max-width: 740px) 100vw, 740px\" \/><br \/>\nEl departamento de bomberos de Cadereyta, acudi\u00f3 al siniestro durante y despu\u00e9s del conato para estar al pendiente de las condiciones de su hogar. Por la tarde-noche el alcalde Carlos Rodr\u00edguez acord\u00f3 que se le brindara todo el material necesario, as\u00ed como el cableado para la reconstrucci\u00f3n de su hogar<br \/>\nPor \u00faltimo Eliza agradeci\u00f3 a toda la comunidad, as\u00ed como al gobierno por el apoyo, porque jam\u00e1s pens\u00f3 tener tan pronta respuesta.<\/p>\n","protected":false},"excerpt":{"rendered":"<p>Cadereyta Jim., N.L.- La ma\u00f1ana de este jueves 9 de enero, Eliza Gaona, de 19 a\u00f1os, junto con su esposo de 21 a\u00f1os, despertaron alrededor de las 7:00 horas a causa de un incendio provocado por un corto circuito. Los hechos se registraron en la calle Orqu\u00eddea 164 colonia Valle de los Encinos, en donde [&hellip;]<\/p>\n","protected":false},"author":14,"featured_media":97985,"comment_status":"closed","ping_status":"closed","sticky":false,"template":"","format":"standard","meta":{"footnotes":""},"categories":[17],"tags":[12561,12417,12395,3715],"class_list":["post-97976","post","type-post","status-publish","format-standard","has-post-thumbnail","hentry","category-locales-cadereyta","tag-alcalde-carlos-rodriguez","tag-bomberos-de-cadereyta","tag-cadereyta-jim-nl","tag-colonia-valle-de-los-encinos"],"_links":{"self":[{"href":"https:\/\/laultimapalabra.com.mx\/portal\/wp-json\/wp\/v2\/posts\/97976","targetHints":{"allow":["GET"]}}],"collection":[{"href":"https:\/\/laultimapalabra.com.mx\/portal\/wp-json\/wp\/v2\/posts"}],"about":[{"href":"https:\/\/laultimapalabra.com.mx\/portal\/wp-json\/wp\/v2\/types\/post"}],"author":[{"embeddable":true,"href":"https:\/\/laultimapalabra.com.mx\/portal\/wp-json\/wp\/v2\/users\/14"}],"replies":[{"embeddable":true,"href":"https:\/\/laultimapalabra.com.mx\/portal\/wp-json\/wp\/v2\/comments?post=97976"}],"version-history":[{"count":1,"href":"https:\/\/laultimapalabra.com.mx\/portal\/wp-json\/wp\/v2\/posts\/97976\/revisions"}],"predecessor-version":[{"id":97991,"href":"https:\/\/laultimapalabra.com.mx\/portal\/wp-json\/wp\/v2\/posts\/97976\/revisions\/97991"}],"wp:featuredmedia":[{"embeddable":true,"href":"https:\/\/laultimapalabra.com.mx\/portal\/wp-json\/wp\/v2\/media\/97985"}],"wp:attachment":[{"href":"https:\/\/laultimapalabra.com.mx\/portal\/wp-json\/wp\/v2\/media?parent=97976"}],"wp:term":[{"taxonomy":"category","embeddable":true,"href":"https:\/\/laultimapalabra.com.mx\/portal\/wp-json\/wp\/v2\/categories?post=97976"},{"taxonomy":"post_tag","embeddable":true,"href":"https:\/\/laultimapalabra.com.mx\/portal\/wp-json\/wp\/v2\/tags?post=97976"}],"curies":[{"name":"wp","href":"https:\/\/api.w.org\/{rel}","templated":true}]}}