                       {"id":980,"date":"2018-03-23T00:35:41","date_gmt":"2018-03-23T00:35:41","guid":{"rendered":"http:\/\/laultimapalabra.info\/?p=980"},"modified":"2024-12-11T08:37:05","modified_gmt":"2024-12-11T14:37:05","slug":"la-semana-santa","status":"publish","type":"post","link":"https:\/\/laultimapalabra.com.mx\/portal\/la-semana-santa\/","title":{"rendered":"La Semana Santa"},"content":{"rendered":"<p style=\"text-align: justify;\"><img loading=\"lazy\" decoding=\"async\" class=\"size-medium wp-image-253 alignleft\" src=\"https:\/\/laultimapalabra.com.mx\/portal\/wp-content\/uploads\/2018\/02\/DAVID-LOPEZ-281x300.jpg\" alt=\"\" width=\"281\" height=\"300\" \/>Por: David L\u00f3pez<\/p>\n<p style=\"text-align: justify;\">Para los cristianos la semana santa no es el recuerdo de un hecho hist\u00f3rico cualquiera, es la contemplaci\u00f3n del amor de Dios que permite el sacrificio de su Hijo, el dolor de ver a Jes\u00fas crucificado, la esperanza de ver a Cristo que vuelve a la vida y el j\u00fabilo de su Resurrecci\u00f3n. Recordemos que el verdadero sentido de celebraci\u00f3n se llama; Jesucristo, que celebramos lo que fue la \u00faltima semana de vida terrenal de Cristo. Ha terminado la cuaresma, el tiempo de conversi\u00f3n interior y de penitencia, ha llegado el momento de conmemorar la pasi\u00f3n, muerte y resurrecci\u00f3n de Cristo. Despu\u00e9s de la entrada triunfal en Jerusal\u00e9n, ahora nos toca asistir a la instituci\u00f3n de la Eucarist\u00eda, orar junto al Se\u00f1or en el Huerto de los Olivos y acompa\u00f1arle por el doloroso camino que termina en la Cruz. Al\u00e9grate mucho, hija de Sion; da voces de j\u00fabilo, hija de Jerusal\u00e9n; he aqu\u00ed tu rey vendr\u00e1 a ti, justo y salvador, humilde, y cabalgando sobre un asno, sobre un pollino hijo de asna. (Zacar\u00edas 9:9) Jes\u00fas a pesar de ser Dios dej\u00f3 su trono en el cielo para convertirse en la persona m\u00e1s humilde y amorosa que jam\u00e1s existi\u00f3 y vino a dar ejemplo y ense\u00f1anza de una nueva forma de vivir. Mas \u00e9l herido fue por nuestras rebeliones, molido por nuestros pecados; el castigo de nuestra paz fue sobre \u00e9l, y por su llaga fuimos nosotros curados.<br \/>\nTodos nosotros nos descarriamos como ovejas, cada cual se apart\u00f3 por su camino; mas Jehov\u00e1 carg\u00f3 en \u00e9l, el pecado del mundo. (Isa\u00edas 53:5-6) Lo m\u00e1s importante que nuestro se\u00f1or hizo por nosotros fue morir en nuestro lugar y derramar su sangre para perdonar todos nuestros pecados y resucit\u00f3 al tercer d\u00eda para gloria de la humanidad. La muerte de Cristo nos invita a morir tambi\u00e9n, no f\u00edsicamente, sino a luchar por alejar de nuestra alma la sensualidad, el ego\u00edsmo, la soberbia, la avaricia, la muerte del pecado para estar debidamente dispuestos a la vida de la gracia. Resucitar en Cristo es volver de las tinieblas del pecado para vivir en la gracia divina. Ah\u00ed est\u00e1 el sacramento de la penitencia, el camino para revivir y reconciliarnos con Dios. Por eso, solo hay una celebraci\u00f3n que la Biblia manda a los cristianos que observen, y \u00e9sa es, el Memorial de la propia muerte de Jes\u00fas. La Biblia explica: \u201cAl fin cuando lleg\u00f3 la hora, [Jes\u00fas] se reclin\u00f3 a la mesa, y los ap\u00f3stoles con \u00e9l. Y, aceptando una copa, dio gracias y dijo: \u2018Tomen \u00e9sta y p\u00e1senla del uno al otro entre ustedes. Tambi\u00e9n, tom\u00f3 un pan, dio gracias, lo parti\u00f3, y se lo dio a ellos, diciendo: \u2018Esto significa mi cuerpo que ha de ser dado a favor de ustedes. Sigan haciendo esto en memoria de m\u00ed.\u2019\u201d\u2014Luc. 22:14, 17-19. As\u00ed, mediante la contemplaci\u00f3n del misterio pascual y el concretar prop\u00f3sitos para vivir como verdaderos cristianos, la pasi\u00f3n, muerte y resurrecci\u00f3n adquieren un sentido nuevo, profundo y trascendente, que nos llevar\u00e1 en un futuro a gozar de la presencia de Cristo resucitado por toda la eternidad.<br \/>\n\u00a1Dios los bendiga! (HASTA LA PR\u00d3XIMA SDQ)<\/p>\n","protected":false},"excerpt":{"rendered":"<p>Por: David L\u00f3pez Para los cristianos la semana santa no es el recuerdo de un hecho hist\u00f3rico cualquiera, es la contemplaci\u00f3n del amor de Dios que permite el sacrificio de su Hijo, el dolor de ver a Jes\u00fas crucificado, la esperanza de ver a Cristo que vuelve a la vida y el j\u00fabilo de su [&hellip;]<\/p>\n","protected":false},"author":9,"featured_media":253,"comment_status":"open","ping_status":"closed","sticky":false,"template":"","format":"standard","meta":{"footnotes":""},"categories":[1],"tags":[755],"class_list":["post-980","post","type-post","status-publish","format-standard","has-post-thumbnail","hentry","category-noticias","tag-david-lopez"],"_links":{"self":[{"href":"https:\/\/laultimapalabra.com.mx\/portal\/wp-json\/wp\/v2\/posts\/980","targetHints":{"allow":["GET"]}}],"collection":[{"href":"https:\/\/laultimapalabra.com.mx\/portal\/wp-json\/wp\/v2\/posts"}],"about":[{"href":"https:\/\/laultimapalabra.com.mx\/portal\/wp-json\/wp\/v2\/types\/post"}],"author":[{"embeddable":true,"href":"https:\/\/laultimapalabra.com.mx\/portal\/wp-json\/wp\/v2\/users\/9"}],"replies":[{"embeddable":true,"href":"https:\/\/laultimapalabra.com.mx\/portal\/wp-json\/wp\/v2\/comments?post=980"}],"version-history":[{"count":1,"href":"https:\/\/laultimapalabra.com.mx\/portal\/wp-json\/wp\/v2\/posts\/980\/revisions"}],"predecessor-version":[{"id":63541,"href":"https:\/\/laultimapalabra.com.mx\/portal\/wp-json\/wp\/v2\/posts\/980\/revisions\/63541"}],"wp:featuredmedia":[{"embeddable":true,"href":"https:\/\/laultimapalabra.com.mx\/portal\/wp-json\/"}],"wp:attachment":[{"href":"https:\/\/laultimapalabra.com.mx\/portal\/wp-json\/wp\/v2\/media?parent=980"}],"wp:term":[{"taxonomy":"category","embeddable":true,"href":"https:\/\/laultimapalabra.com.mx\/portal\/wp-json\/wp\/v2\/categories?post=980"},{"taxonomy":"post_tag","embeddable":true,"href":"https:\/\/laultimapalabra.com.mx\/portal\/wp-json\/wp\/v2\/tags?post=980"}],"curies":[{"name":"wp","href":"https:\/\/api.w.org\/{rel}","templated":true}]}}