                       {"id":9809,"date":"2019-08-22T20:14:39","date_gmt":"2019-08-23T01:14:39","guid":{"rendered":"http:\/\/laultimapalabra.info\/?p=9809"},"modified":"2024-12-11T08:56:11","modified_gmt":"2024-12-11T14:56:11","slug":"mercado-social-en-vistas-del-rio","status":"publish","type":"post","link":"https:\/\/laultimapalabra.com.mx\/portal\/mercado-social-en-vistas-del-rio\/","title":{"rendered":"Mercado Social en Vistas del R\u00edo"},"content":{"rendered":"<p style=\"text-align: justify;\">Lleno total en el programa de apoyo a la econom\u00eda familiar implementado por el municipio<\/p>\n<p style=\"text-align: justify;\"><img loading=\"lazy\" decoding=\"async\" class=\"size-medium wp-image-9810 alignleft\" src=\"https:\/\/laultimapalabra.com.mx\/portal\/wp-content\/uploads\/2019\/08\/base1-14-300x225.jpg\" alt=\"\" width=\"300\" height=\"225\" \/> CD. BENITO JU\u00c1REZ, N.L.-<br \/>\nCientos de personas abarrotaron la ma\u00f1ana de este jueves el Mercado Social, que ahora llev\u00f3 su programa de precios s\u00faper bajos a la colonia Vistas del R\u00edo.<br \/>\nDesde temprana hora se dieron citas los vecinos en el \u00e1rea verde comprendida entre las avenidas Vistas de la Primavera y Vistas del Huizache, donde se encontraban las carpas del mercado.<br \/>\nCon el precio de la fruta \u201cTodo a 13 el kilo\u201d, las familias llenaban sus bolsas con los diferentes productos entre legumbres y frutas.<br \/>\nTambi\u00e9n las tapas de huevo son de precio tan bajo, que las amas de casa aprovechan la oferta y el stand de ese producto termin\u00f3 su producto.<br \/>\nOtros proveedores como Marinela, Sabritas y Tortillas la Mission, tambi\u00e9n expenden sus productos a m\u00e1s bajo precio que en las tiendas convencionales, y por ende son aprovechados por las reinas del hogar que aprovechan para surtir su mandado.14<br \/>\n<img loading=\"lazy\" decoding=\"async\" class=\"size-medium wp-image-9812 alignleft\" src=\"https:\/\/laultimapalabra.com.mx\/portal\/wp-content\/uploads\/2019\/08\/base3-5-300x225.jpg\" alt=\"\" width=\"300\" height=\"225\" \/>Otro de los productos m\u00e1s vendidos, son las carnes de la empacadora C\u00e1rdenas, que lleva sus productos c\u00e1rnicos en charolas a precios muy accesibles.<br \/>\nEl Mercado Social, lleva un beneficio inmediato para los hogares juarenses que se palpa en los bolsillos de los vecinos de las diferentes colonias que visita.<br \/>\nSon varias las colonias que est\u00e1n pidiendo la instalaci\u00f3n del mercado en alg\u00fan d\u00eda entre semana, e incluso hay algunas colonias que lo est\u00e1n solicitando hasta los d\u00edas s\u00e1bados y domingos.<\/p>\n","protected":false},"excerpt":{"rendered":"<p>Lleno total en el programa de apoyo a la econom\u00eda familiar implementado por el municipio CD. BENITO JU\u00c1REZ, N.L.- Cientos de personas abarrotaron la ma\u00f1ana de este jueves el Mercado Social, que ahora llev\u00f3 su programa de precios s\u00faper bajos a la colonia Vistas del R\u00edo. Desde temprana hora se dieron citas los vecinos en [&hellip;]<\/p>\n","protected":false},"author":9,"featured_media":9811,"comment_status":"open","ping_status":"closed","sticky":false,"template":"","format":"standard","meta":{"footnotes":""},"categories":[18],"tags":[1188,1537],"class_list":["post-9809","post","type-post","status-publish","format-standard","has-post-thumbnail","hentry","category-locales-juarez","tag-heriberto-trevino-cantu","tag-mercado-social-juarez"],"_links":{"self":[{"href":"https:\/\/laultimapalabra.com.mx\/portal\/wp-json\/wp\/v2\/posts\/9809","targetHints":{"allow":["GET"]}}],"collection":[{"href":"https:\/\/laultimapalabra.com.mx\/portal\/wp-json\/wp\/v2\/posts"}],"about":[{"href":"https:\/\/laultimapalabra.com.mx\/portal\/wp-json\/wp\/v2\/types\/post"}],"author":[{"embeddable":true,"href":"https:\/\/laultimapalabra.com.mx\/portal\/wp-json\/wp\/v2\/users\/9"}],"replies":[{"embeddable":true,"href":"https:\/\/laultimapalabra.com.mx\/portal\/wp-json\/wp\/v2\/comments?post=9809"}],"version-history":[{"count":1,"href":"https:\/\/laultimapalabra.com.mx\/portal\/wp-json\/wp\/v2\/posts\/9809\/revisions"}],"predecessor-version":[{"id":68217,"href":"https:\/\/laultimapalabra.com.mx\/portal\/wp-json\/wp\/v2\/posts\/9809\/revisions\/68217"}],"wp:featuredmedia":[{"embeddable":true,"href":"https:\/\/laultimapalabra.com.mx\/portal\/wp-json\/"}],"wp:attachment":[{"href":"https:\/\/laultimapalabra.com.mx\/portal\/wp-json\/wp\/v2\/media?parent=9809"}],"wp:term":[{"taxonomy":"category","embeddable":true,"href":"https:\/\/laultimapalabra.com.mx\/portal\/wp-json\/wp\/v2\/categories?post=9809"},{"taxonomy":"post_tag","embeddable":true,"href":"https:\/\/laultimapalabra.com.mx\/portal\/wp-json\/wp\/v2\/tags?post=9809"}],"curies":[{"name":"wp","href":"https:\/\/api.w.org\/{rel}","templated":true}]}}