                       {"id":98295,"date":"2025-01-21T10:31:12","date_gmt":"2025-01-21T16:31:12","guid":{"rendered":"https:\/\/laultimapalabra.com.mx\/portal\/?p=98295"},"modified":"2025-01-21T10:31:12","modified_gmt":"2025-01-21T16:31:12","slug":"brindan-poyo-a-comunidades-por-frente-frio","status":"publish","type":"post","link":"https:\/\/laultimapalabra.com.mx\/portal\/brindan-poyo-a-comunidades-por-frente-frio\/","title":{"rendered":"Brindan poyo a comunidades por frente fr\u00edo"},"content":{"rendered":"<p>&nbsp;<\/p>\n<p>Cadereyta Jim., N.L, El gobierno Municipal de Cadereyta encabezado por el alcalde Carlos Rodr\u00edguez &#8220;El Cuate&#8221;, recorri\u00f3 diversas comunidades del municipio para entregar colchas y brindar apoyo a las familias ante las bajas temperaturas provocadas por el frente fr\u00edo n\u00famero 24.<\/p>\n<p><img loading=\"lazy\" decoding=\"async\" class=\"alignnone wp-image-98283 size-large\" src=\"https:\/\/laultimapalabra.com.mx\/portal\/wp-content\/uploads\/2025\/01\/WhatsApp-Image-2025-01-21-at-9.26.38-AM-1024x682.jpeg\" alt=\"\" width=\"740\" height=\"493\" srcset=\"https:\/\/laultimapalabra.com.mx\/portal\/wp-content\/uploads\/2025\/01\/WhatsApp-Image-2025-01-21-at-9.26.38-AM-1024x682.jpeg 1024w, https:\/\/laultimapalabra.com.mx\/portal\/wp-content\/uploads\/2025\/01\/WhatsApp-Image-2025-01-21-at-9.26.38-AM-300x200.jpeg 300w, https:\/\/laultimapalabra.com.mx\/portal\/wp-content\/uploads\/2025\/01\/WhatsApp-Image-2025-01-21-at-9.26.38-AM-768x512.jpeg 768w, https:\/\/laultimapalabra.com.mx\/portal\/wp-content\/uploads\/2025\/01\/WhatsApp-Image-2025-01-21-at-9.26.38-AM-1536x1023.jpeg 1536w, https:\/\/laultimapalabra.com.mx\/portal\/wp-content\/uploads\/2025\/01\/WhatsApp-Image-2025-01-21-at-9.26.38-AM.jpeg 1600w\" sizes=\"auto, (max-width: 740px) 100vw, 740px\" \/> <img loading=\"lazy\" decoding=\"async\" class=\"alignnone wp-image-98281 size-large\" src=\"https:\/\/laultimapalabra.com.mx\/portal\/wp-content\/uploads\/2025\/01\/WhatsApp-Image-2025-01-21-at-9.26.39-AM-1024x698.jpeg\" alt=\"\" width=\"740\" height=\"504\" srcset=\"https:\/\/laultimapalabra.com.mx\/portal\/wp-content\/uploads\/2025\/01\/WhatsApp-Image-2025-01-21-at-9.26.39-AM-1024x698.jpeg 1024w, https:\/\/laultimapalabra.com.mx\/portal\/wp-content\/uploads\/2025\/01\/WhatsApp-Image-2025-01-21-at-9.26.39-AM-300x204.jpeg 300w, https:\/\/laultimapalabra.com.mx\/portal\/wp-content\/uploads\/2025\/01\/WhatsApp-Image-2025-01-21-at-9.26.39-AM-768x523.jpeg 768w, https:\/\/laultimapalabra.com.mx\/portal\/wp-content\/uploads\/2025\/01\/WhatsApp-Image-2025-01-21-at-9.26.39-AM-1536x1046.jpeg 1536w, https:\/\/laultimapalabra.com.mx\/portal\/wp-content\/uploads\/2025\/01\/WhatsApp-Image-2025-01-21-at-9.26.39-AM.jpeg 1600w\" sizes=\"auto, (max-width: 740px) 100vw, 740px\" \/> <img loading=\"lazy\" decoding=\"async\" class=\"alignnone wp-image-98280 size-large\" src=\"https:\/\/laultimapalabra.com.mx\/portal\/wp-content\/uploads\/2025\/01\/WhatsApp-Image-2025-01-21-at-9.26.39-AM-1-1024x682.jpeg\" alt=\"\" width=\"740\" height=\"493\" srcset=\"https:\/\/laultimapalabra.com.mx\/portal\/wp-content\/uploads\/2025\/01\/WhatsApp-Image-2025-01-21-at-9.26.39-AM-1-1024x682.jpeg 1024w, https:\/\/laultimapalabra.com.mx\/portal\/wp-content\/uploads\/2025\/01\/WhatsApp-Image-2025-01-21-at-9.26.39-AM-1-300x200.jpeg 300w, https:\/\/laultimapalabra.com.mx\/portal\/wp-content\/uploads\/2025\/01\/WhatsApp-Image-2025-01-21-at-9.26.39-AM-1-768x512.jpeg 768w, https:\/\/laultimapalabra.com.mx\/portal\/wp-content\/uploads\/2025\/01\/WhatsApp-Image-2025-01-21-at-9.26.39-AM-1-1536x1023.jpeg 1536w, https:\/\/laultimapalabra.com.mx\/portal\/wp-content\/uploads\/2025\/01\/WhatsApp-Image-2025-01-21-at-9.26.39-AM-1.jpeg 1600w\" sizes=\"auto, (max-width: 740px) 100vw, 740px\" \/> <img loading=\"lazy\" decoding=\"async\" class=\"alignnone wp-image-98279 size-large\" src=\"https:\/\/laultimapalabra.com.mx\/portal\/wp-content\/uploads\/2025\/01\/WhatsApp-Image-2025-01-21-at-9.26.39-AM-2-1024x682.jpeg\" alt=\"\" width=\"740\" height=\"493\" srcset=\"https:\/\/laultimapalabra.com.mx\/portal\/wp-content\/uploads\/2025\/01\/WhatsApp-Image-2025-01-21-at-9.26.39-AM-2-1024x682.jpeg 1024w, https:\/\/laultimapalabra.com.mx\/portal\/wp-content\/uploads\/2025\/01\/WhatsApp-Image-2025-01-21-at-9.26.39-AM-2-300x200.jpeg 300w, https:\/\/laultimapalabra.com.mx\/portal\/wp-content\/uploads\/2025\/01\/WhatsApp-Image-2025-01-21-at-9.26.39-AM-2-768x512.jpeg 768w, https:\/\/laultimapalabra.com.mx\/portal\/wp-content\/uploads\/2025\/01\/WhatsApp-Image-2025-01-21-at-9.26.39-AM-2-1536x1023.jpeg 1536w, https:\/\/laultimapalabra.com.mx\/portal\/wp-content\/uploads\/2025\/01\/WhatsApp-Image-2025-01-21-at-9.26.39-AM-2.jpeg 1600w\" sizes=\"auto, (max-width: 740px) 100vw, 740px\" \/><br \/>\nVisit\u00f3 el edil jimenense las localidades de San Juan, Mexiquito, Santa Isabel Dolores, la Haciendita y Pueblo Nuevo.<\/p>\n<p><img loading=\"lazy\" decoding=\"async\" class=\"alignnone wp-image-98278 size-large\" src=\"https:\/\/laultimapalabra.com.mx\/portal\/wp-content\/uploads\/2025\/01\/WhatsApp-Image-2025-01-21-at-9.26.39-AM-3-1024x682.jpeg\" alt=\"\" width=\"740\" height=\"493\" srcset=\"https:\/\/laultimapalabra.com.mx\/portal\/wp-content\/uploads\/2025\/01\/WhatsApp-Image-2025-01-21-at-9.26.39-AM-3-1024x682.jpeg 1024w, https:\/\/laultimapalabra.com.mx\/portal\/wp-content\/uploads\/2025\/01\/WhatsApp-Image-2025-01-21-at-9.26.39-AM-3-300x200.jpeg 300w, https:\/\/laultimapalabra.com.mx\/portal\/wp-content\/uploads\/2025\/01\/WhatsApp-Image-2025-01-21-at-9.26.39-AM-3-768x512.jpeg 768w, https:\/\/laultimapalabra.com.mx\/portal\/wp-content\/uploads\/2025\/01\/WhatsApp-Image-2025-01-21-at-9.26.39-AM-3-1536x1023.jpeg 1536w, https:\/\/laultimapalabra.com.mx\/portal\/wp-content\/uploads\/2025\/01\/WhatsApp-Image-2025-01-21-at-9.26.39-AM-3.jpeg 1600w\" sizes=\"auto, (max-width: 740px) 100vw, 740px\" \/> <img loading=\"lazy\" decoding=\"async\" class=\"alignnone wp-image-98277 size-large\" src=\"https:\/\/laultimapalabra.com.mx\/portal\/wp-content\/uploads\/2025\/01\/WhatsApp-Image-2025-01-21-at-9.26.39-AM-4-1024x682.jpeg\" alt=\"\" width=\"740\" height=\"493\" srcset=\"https:\/\/laultimapalabra.com.mx\/portal\/wp-content\/uploads\/2025\/01\/WhatsApp-Image-2025-01-21-at-9.26.39-AM-4-1024x682.jpeg 1024w, https:\/\/laultimapalabra.com.mx\/portal\/wp-content\/uploads\/2025\/01\/WhatsApp-Image-2025-01-21-at-9.26.39-AM-4-300x200.jpeg 300w, https:\/\/laultimapalabra.com.mx\/portal\/wp-content\/uploads\/2025\/01\/WhatsApp-Image-2025-01-21-at-9.26.39-AM-4-768x512.jpeg 768w, https:\/\/laultimapalabra.com.mx\/portal\/wp-content\/uploads\/2025\/01\/WhatsApp-Image-2025-01-21-at-9.26.39-AM-4-1536x1023.jpeg 1536w, https:\/\/laultimapalabra.com.mx\/portal\/wp-content\/uploads\/2025\/01\/WhatsApp-Image-2025-01-21-at-9.26.39-AM-4.jpeg 1600w\" sizes=\"auto, (max-width: 740px) 100vw, 740px\" \/> <img loading=\"lazy\" decoding=\"async\" class=\"alignnone wp-image-98276 size-large\" src=\"https:\/\/laultimapalabra.com.mx\/portal\/wp-content\/uploads\/2025\/01\/WhatsApp-Image-2025-01-21-at-9.26.39-AM-5-1024x625.jpeg\" alt=\"\" width=\"740\" height=\"452\" srcset=\"https:\/\/laultimapalabra.com.mx\/portal\/wp-content\/uploads\/2025\/01\/WhatsApp-Image-2025-01-21-at-9.26.39-AM-5-1024x625.jpeg 1024w, https:\/\/laultimapalabra.com.mx\/portal\/wp-content\/uploads\/2025\/01\/WhatsApp-Image-2025-01-21-at-9.26.39-AM-5-300x183.jpeg 300w, https:\/\/laultimapalabra.com.mx\/portal\/wp-content\/uploads\/2025\/01\/WhatsApp-Image-2025-01-21-at-9.26.39-AM-5-768x469.jpeg 768w, https:\/\/laultimapalabra.com.mx\/portal\/wp-content\/uploads\/2025\/01\/WhatsApp-Image-2025-01-21-at-9.26.39-AM-5-1536x938.jpeg 1536w, https:\/\/laultimapalabra.com.mx\/portal\/wp-content\/uploads\/2025\/01\/WhatsApp-Image-2025-01-21-at-9.26.39-AM-5.jpeg 1600w\" sizes=\"auto, (max-width: 740px) 100vw, 740px\" \/><br \/>\n&#8220;El Cuate&#8221; recorri\u00f3 las comunidades mencionadas acompa\u00f1ado de personal de Protecci\u00f3n Civil y del DIF municipal, quienes se encuentran en alerta permanente por la contingencia clim\u00e1tica.<\/p>\n","protected":false},"excerpt":{"rendered":"<p>&nbsp; Cadereyta Jim., N.L, El gobierno Municipal de Cadereyta encabezado por el alcalde Carlos Rodr\u00edguez &#8220;El Cuate&#8221;, recorri\u00f3 diversas comunidades del municipio para entregar colchas y brindar apoyo a las familias ante las bajas temperaturas provocadas por el frente fr\u00edo n\u00famero 24. Visit\u00f3 el edil jimenense las localidades de San Juan, Mexiquito, Santa Isabel Dolores, [&hellip;]<\/p>\n","protected":false},"author":14,"featured_media":98282,"comment_status":"closed","ping_status":"closed","sticky":false,"template":"","format":"standard","meta":{"footnotes":""},"categories":[17],"tags":[12368,12564,1383,12692,12694,1886,2074,12693],"class_list":["post-98295","post","type-post","status-publish","format-standard","has-post-thumbnail","hentry","category-locales-cadereyta","tag-alcalde-carlos-rodriguez-el-cuate","tag-bajas-temperaturas","tag-la-haciendita","tag-mexiquito","tag-proteccion-civil-y-del-dif-municipal","tag-pueblo-nuevo","tag-san-juan","tag-santa-isabel-dolores"],"_links":{"self":[{"href":"https:\/\/laultimapalabra.com.mx\/portal\/wp-json\/wp\/v2\/posts\/98295","targetHints":{"allow":["GET"]}}],"collection":[{"href":"https:\/\/laultimapalabra.com.mx\/portal\/wp-json\/wp\/v2\/posts"}],"about":[{"href":"https:\/\/laultimapalabra.com.mx\/portal\/wp-json\/wp\/v2\/types\/post"}],"author":[{"embeddable":true,"href":"https:\/\/laultimapalabra.com.mx\/portal\/wp-json\/wp\/v2\/users\/14"}],"replies":[{"embeddable":true,"href":"https:\/\/laultimapalabra.com.mx\/portal\/wp-json\/wp\/v2\/comments?post=98295"}],"version-history":[{"count":1,"href":"https:\/\/laultimapalabra.com.mx\/portal\/wp-json\/wp\/v2\/posts\/98295\/revisions"}],"predecessor-version":[{"id":98296,"href":"https:\/\/laultimapalabra.com.mx\/portal\/wp-json\/wp\/v2\/posts\/98295\/revisions\/98296"}],"wp:featuredmedia":[{"embeddable":true,"href":"https:\/\/laultimapalabra.com.mx\/portal\/wp-json\/wp\/v2\/media\/98282"}],"wp:attachment":[{"href":"https:\/\/laultimapalabra.com.mx\/portal\/wp-json\/wp\/v2\/media?parent=98295"}],"wp:term":[{"taxonomy":"category","embeddable":true,"href":"https:\/\/laultimapalabra.com.mx\/portal\/wp-json\/wp\/v2\/categories?post=98295"},{"taxonomy":"post_tag","embeddable":true,"href":"https:\/\/laultimapalabra.com.mx\/portal\/wp-json\/wp\/v2\/tags?post=98295"}],"curies":[{"name":"wp","href":"https:\/\/api.w.org\/{rel}","templated":true}]}}