                       {"id":98440,"date":"2025-01-24T22:13:01","date_gmt":"2025-01-25T04:13:01","guid":{"rendered":"https:\/\/laultimapalabra.com.mx\/portal\/?p=98440"},"modified":"2025-01-24T22:13:01","modified_gmt":"2025-01-25T04:13:01","slug":"causa-alarma-incendio-de-camion-urbano-en-monte-kristal","status":"publish","type":"post","link":"https:\/\/laultimapalabra.com.mx\/portal\/causa-alarma-incendio-de-camion-urbano-en-monte-kristal\/","title":{"rendered":"Causa alarma incendio de cami\u00f3n urbano en Monte Kristal"},"content":{"rendered":"<p>Ju\u00e1rez, N.L.<br \/>\nEl incendio de un cami\u00f3n urbano desat\u00f3 alarma entre los vecinos del tercer sector de la colonia Monte Kristal, la tarde de hoy.<\/p>\n<p><img loading=\"lazy\" decoding=\"async\" class=\"alignnone wp-image-98443 size-large\" src=\"https:\/\/laultimapalabra.com.mx\/portal\/wp-content\/uploads\/2025\/01\/Imagen-de-WhatsApp-2025-01-24-a-las-21.20.38_100711dd-1024x768.jpg\" alt=\"\" width=\"740\" height=\"555\" srcset=\"https:\/\/laultimapalabra.com.mx\/portal\/wp-content\/uploads\/2025\/01\/Imagen-de-WhatsApp-2025-01-24-a-las-21.20.38_100711dd-1024x768.jpg 1024w, https:\/\/laultimapalabra.com.mx\/portal\/wp-content\/uploads\/2025\/01\/Imagen-de-WhatsApp-2025-01-24-a-las-21.20.38_100711dd-300x225.jpg 300w, https:\/\/laultimapalabra.com.mx\/portal\/wp-content\/uploads\/2025\/01\/Imagen-de-WhatsApp-2025-01-24-a-las-21.20.38_100711dd-768x576.jpg 768w, https:\/\/laultimapalabra.com.mx\/portal\/wp-content\/uploads\/2025\/01\/Imagen-de-WhatsApp-2025-01-24-a-las-21.20.38_100711dd-1536x1152.jpg 1536w, https:\/\/laultimapalabra.com.mx\/portal\/wp-content\/uploads\/2025\/01\/Imagen-de-WhatsApp-2025-01-24-a-las-21.20.38_100711dd.jpg 1600w\" sizes=\"auto, (max-width: 740px) 100vw, 740px\" \/><br \/>\nFue alrededor de las 17:15 horas, cuando bomberos de Ju\u00e1rez y elementos de Protecci\u00f3n Civil del Estado, arribaron a la calle Monte Palatino para abatir las llamas de la unidad de la Ruta 224, placas 229-443-R.<\/p>\n<p><img loading=\"lazy\" decoding=\"async\" class=\"alignnone wp-image-98444 size-large\" src=\"https:\/\/laultimapalabra.com.mx\/portal\/wp-content\/uploads\/2025\/01\/Imagen-de-WhatsApp-2025-01-24-a-las-21.18.49_64915ee2-768x1024.jpg\" alt=\"\" width=\"740\" height=\"987\" srcset=\"https:\/\/laultimapalabra.com.mx\/portal\/wp-content\/uploads\/2025\/01\/Imagen-de-WhatsApp-2025-01-24-a-las-21.18.49_64915ee2-768x1023.jpg 768w, https:\/\/laultimapalabra.com.mx\/portal\/wp-content\/uploads\/2025\/01\/Imagen-de-WhatsApp-2025-01-24-a-las-21.18.49_64915ee2-225x300.jpg 225w, https:\/\/laultimapalabra.com.mx\/portal\/wp-content\/uploads\/2025\/01\/Imagen-de-WhatsApp-2025-01-24-a-las-21.18.49_64915ee2-1153x1536.jpg 1153w, https:\/\/laultimapalabra.com.mx\/portal\/wp-content\/uploads\/2025\/01\/Imagen-de-WhatsApp-2025-01-24-a-las-21.18.49_64915ee2.jpg 1200w\" sizes=\"auto, (max-width: 740px) 100vw, 740px\" \/><br \/>\nAfortunadamente el cami\u00f3n conducido por David Israel Estrada Rodr\u00edguez, de 29 a\u00f1os, no tra\u00eda ning\u00fan pasajero.<\/p>\n<p><img loading=\"lazy\" decoding=\"async\" class=\"alignnone wp-image-98441 size-large\" src=\"https:\/\/laultimapalabra.com.mx\/portal\/wp-content\/uploads\/2025\/01\/Imagen-de-WhatsApp-2025-01-24-a-las-21.22.23_de604294-768x1024.jpg\" alt=\"\" width=\"740\" height=\"987\" srcset=\"https:\/\/laultimapalabra.com.mx\/portal\/wp-content\/uploads\/2025\/01\/Imagen-de-WhatsApp-2025-01-24-a-las-21.22.23_de604294-768x1024.jpg 768w, https:\/\/laultimapalabra.com.mx\/portal\/wp-content\/uploads\/2025\/01\/Imagen-de-WhatsApp-2025-01-24-a-las-21.22.23_de604294-225x300.jpg 225w, https:\/\/laultimapalabra.com.mx\/portal\/wp-content\/uploads\/2025\/01\/Imagen-de-WhatsApp-2025-01-24-a-las-21.22.23_de604294-1152x1536.jpg 1152w, https:\/\/laultimapalabra.com.mx\/portal\/wp-content\/uploads\/2025\/01\/Imagen-de-WhatsApp-2025-01-24-a-las-21.22.23_de604294.jpg 1200w\" sizes=\"auto, (max-width: 740px) 100vw, 740px\" \/><br \/>\nAunque no se sabe con exactitud de c\u00f3mo se inici\u00f3 el fuego, el operador se\u00f1al\u00f3 que las llamas se hab\u00edan desatado de abajo\u00a0del\u00a0motor.<\/p>\n","protected":false},"excerpt":{"rendered":"<p>Ju\u00e1rez, N.L. El incendio de un cami\u00f3n urbano desat\u00f3 alarma entre los vecinos del tercer sector de la colonia Monte Kristal, la tarde de hoy. Fue alrededor de las 17:15 horas, cuando bomberos de Ju\u00e1rez y elementos de Protecci\u00f3n Civil del Estado, arribaron a la calle Monte Palatino para abatir las llamas de la unidad [&hellip;]<\/p>\n","protected":false},"author":14,"featured_media":98446,"comment_status":"closed","ping_status":"closed","sticky":false,"template":"","format":"standard","meta":{"footnotes":""},"categories":[18],"tags":[12386,634,3590,12416,12719],"class_list":["post-98440","post","type-post","status-publish","format-standard","has-post-thumbnail","hentry","category-locales-juarez","tag-bomberos-de-juarez","tag-colonia-monte-kristal","tag-juarez-nl","tag-proteccion-civil-del-estado","tag-ruta-224"],"_links":{"self":[{"href":"https:\/\/laultimapalabra.com.mx\/portal\/wp-json\/wp\/v2\/posts\/98440","targetHints":{"allow":["GET"]}}],"collection":[{"href":"https:\/\/laultimapalabra.com.mx\/portal\/wp-json\/wp\/v2\/posts"}],"about":[{"href":"https:\/\/laultimapalabra.com.mx\/portal\/wp-json\/wp\/v2\/types\/post"}],"author":[{"embeddable":true,"href":"https:\/\/laultimapalabra.com.mx\/portal\/wp-json\/wp\/v2\/users\/14"}],"replies":[{"embeddable":true,"href":"https:\/\/laultimapalabra.com.mx\/portal\/wp-json\/wp\/v2\/comments?post=98440"}],"version-history":[{"count":1,"href":"https:\/\/laultimapalabra.com.mx\/portal\/wp-json\/wp\/v2\/posts\/98440\/revisions"}],"predecessor-version":[{"id":98448,"href":"https:\/\/laultimapalabra.com.mx\/portal\/wp-json\/wp\/v2\/posts\/98440\/revisions\/98448"}],"wp:featuredmedia":[{"embeddable":true,"href":"https:\/\/laultimapalabra.com.mx\/portal\/wp-json\/wp\/v2\/media\/98446"}],"wp:attachment":[{"href":"https:\/\/laultimapalabra.com.mx\/portal\/wp-json\/wp\/v2\/media?parent=98440"}],"wp:term":[{"taxonomy":"category","embeddable":true,"href":"https:\/\/laultimapalabra.com.mx\/portal\/wp-json\/wp\/v2\/categories?post=98440"},{"taxonomy":"post_tag","embeddable":true,"href":"https:\/\/laultimapalabra.com.mx\/portal\/wp-json\/wp\/v2\/tags?post=98440"}],"curies":[{"name":"wp","href":"https:\/\/api.w.org\/{rel}","templated":true}]}}