                       {"id":98449,"date":"2025-01-24T23:23:40","date_gmt":"2025-01-25T05:23:40","guid":{"rendered":"https:\/\/laultimapalabra.com.mx\/portal\/?p=98449"},"modified":"2025-01-24T23:23:40","modified_gmt":"2025-01-25T05:23:40","slug":"se-incendia-vivienda-en-colonia-alberos","status":"publish","type":"post","link":"https:\/\/laultimapalabra.com.mx\/portal\/se-incendia-vivienda-en-colonia-alberos\/","title":{"rendered":"Se incendia vivienda en colonia Alberos"},"content":{"rendered":"<p>&nbsp;<\/p>\n<p>Cadereyta Jim,. N.L.- La tarde de este viernes, se registr\u00f3 el incendio en la colonia Alberos en Cadereyta<\/p>\n<p><img loading=\"lazy\" decoding=\"async\" class=\"alignnone wp-image-98452 size-large\" src=\"https:\/\/laultimapalabra.com.mx\/portal\/wp-content\/uploads\/2025\/01\/Imagen-de-WhatsApp-2025-01-24-a-las-22.50.31_1ba38003-768x1024.jpg\" alt=\"\" width=\"740\" height=\"987\" srcset=\"https:\/\/laultimapalabra.com.mx\/portal\/wp-content\/uploads\/2025\/01\/Imagen-de-WhatsApp-2025-01-24-a-las-22.50.31_1ba38003-768x1024.jpg 768w, https:\/\/laultimapalabra.com.mx\/portal\/wp-content\/uploads\/2025\/01\/Imagen-de-WhatsApp-2025-01-24-a-las-22.50.31_1ba38003-225x300.jpg 225w, https:\/\/laultimapalabra.com.mx\/portal\/wp-content\/uploads\/2025\/01\/Imagen-de-WhatsApp-2025-01-24-a-las-22.50.31_1ba38003-1152x1536.jpg 1152w, https:\/\/laultimapalabra.com.mx\/portal\/wp-content\/uploads\/2025\/01\/Imagen-de-WhatsApp-2025-01-24-a-las-22.50.31_1ba38003.jpg 1200w\" sizes=\"auto, (max-width: 740px) 100vw, 740px\" \/> <img loading=\"lazy\" decoding=\"async\" class=\"alignnone wp-image-98451 size-large\" src=\"https:\/\/laultimapalabra.com.mx\/portal\/wp-content\/uploads\/2025\/01\/Imagen-de-WhatsApp-2025-01-24-a-las-22.50.31_fce041fb-768x1024.jpg\" alt=\"\" width=\"740\" height=\"987\" srcset=\"https:\/\/laultimapalabra.com.mx\/portal\/wp-content\/uploads\/2025\/01\/Imagen-de-WhatsApp-2025-01-24-a-las-22.50.31_fce041fb-768x1024.jpg 768w, https:\/\/laultimapalabra.com.mx\/portal\/wp-content\/uploads\/2025\/01\/Imagen-de-WhatsApp-2025-01-24-a-las-22.50.31_fce041fb-225x300.jpg 225w, https:\/\/laultimapalabra.com.mx\/portal\/wp-content\/uploads\/2025\/01\/Imagen-de-WhatsApp-2025-01-24-a-las-22.50.31_fce041fb-1152x1536.jpg 1152w, https:\/\/laultimapalabra.com.mx\/portal\/wp-content\/uploads\/2025\/01\/Imagen-de-WhatsApp-2025-01-24-a-las-22.50.31_fce041fb.jpg 1200w\" sizes=\"auto, (max-width: 740px) 100vw, 740px\" \/><br \/>\nEl domicilio ubicado en la calle Jacarandas n\u00famero 100, se encendi\u00f3 en llamas a causa de un corto circuito.<br \/>\nAfortunadamente no hubo personas lesionadas, solo da\u00f1os materiales, elementos de Protecci\u00f3n Civil y Bomberos de Cadereyta al mando de su director Edgar Omar P\u00e9rez, arribaron al sitio y combatieron el fuego.<br \/>\nEl alcalde Carlos Rodr\u00edguez &#8220;El Cuate&#8221; se comprometi\u00f3 en brindar apoyo\u00a0a\u00a0la\u00a0familia.<\/p>\n","protected":false},"excerpt":{"rendered":"<p>&nbsp; Cadereyta Jim,. N.L.- La tarde de este viernes, se registr\u00f3 el incendio en la colonia Alberos en Cadereyta El domicilio ubicado en la calle Jacarandas n\u00famero 100, se encendi\u00f3 en llamas a causa de un corto circuito. Afortunadamente no hubo personas lesionadas, solo da\u00f1os materiales, elementos de Protecci\u00f3n Civil y Bomberos de Cadereyta al [&hellip;]<\/p>\n","protected":false},"author":14,"featured_media":98450,"comment_status":"closed","ping_status":"closed","sticky":false,"template":"","format":"standard","meta":{"footnotes":""},"categories":[17],"tags":[12368,12395,12720,3803,12448],"class_list":["post-98449","post","type-post","status-publish","format-standard","has-post-thumbnail","hentry","category-locales-cadereyta","tag-alcalde-carlos-rodriguez-el-cuate","tag-cadereyta-jim-nl","tag-colonia-alberos-en-cadereyta","tag-corto-circuito","tag-proteccion-civil-y-bomberos"],"_links":{"self":[{"href":"https:\/\/laultimapalabra.com.mx\/portal\/wp-json\/wp\/v2\/posts\/98449","targetHints":{"allow":["GET"]}}],"collection":[{"href":"https:\/\/laultimapalabra.com.mx\/portal\/wp-json\/wp\/v2\/posts"}],"about":[{"href":"https:\/\/laultimapalabra.com.mx\/portal\/wp-json\/wp\/v2\/types\/post"}],"author":[{"embeddable":true,"href":"https:\/\/laultimapalabra.com.mx\/portal\/wp-json\/wp\/v2\/users\/14"}],"replies":[{"embeddable":true,"href":"https:\/\/laultimapalabra.com.mx\/portal\/wp-json\/wp\/v2\/comments?post=98449"}],"version-history":[{"count":1,"href":"https:\/\/laultimapalabra.com.mx\/portal\/wp-json\/wp\/v2\/posts\/98449\/revisions"}],"predecessor-version":[{"id":98453,"href":"https:\/\/laultimapalabra.com.mx\/portal\/wp-json\/wp\/v2\/posts\/98449\/revisions\/98453"}],"wp:featuredmedia":[{"embeddable":true,"href":"https:\/\/laultimapalabra.com.mx\/portal\/wp-json\/wp\/v2\/media\/98450"}],"wp:attachment":[{"href":"https:\/\/laultimapalabra.com.mx\/portal\/wp-json\/wp\/v2\/media?parent=98449"}],"wp:term":[{"taxonomy":"category","embeddable":true,"href":"https:\/\/laultimapalabra.com.mx\/portal\/wp-json\/wp\/v2\/categories?post=98449"},{"taxonomy":"post_tag","embeddable":true,"href":"https:\/\/laultimapalabra.com.mx\/portal\/wp-json\/wp\/v2\/tags?post=98449"}],"curies":[{"name":"wp","href":"https:\/\/api.w.org\/{rel}","templated":true}]}}