                       {"id":98458,"date":"2025-01-25T20:19:00","date_gmt":"2025-01-26T02:19:00","guid":{"rendered":"https:\/\/laultimapalabra.com.mx\/portal\/?p=98458"},"modified":"2025-01-25T20:19:00","modified_gmt":"2025-01-26T02:19:00","slug":"de-nuevo-buscan-cu3rpos-por-la-san-mateo","status":"publish","type":"post","link":"https:\/\/laultimapalabra.com.mx\/portal\/de-nuevo-buscan-cu3rpos-por-la-san-mateo\/","title":{"rendered":"De nuevo buscan cu3rpos por la San Mateo"},"content":{"rendered":"<p>Ju\u00e1rez, N.L.<br \/>\nDe nueva cuenta, elementos de la Fiscal\u00eda General de la Rep\u00fablica Guardia Nacional, Ej\u00e9rcito Mexicano, Agencia Estatal de Investigaciones y Polic\u00eda Municipal de Ju\u00e1rez, realizaron un operativo de b\u00fasqueda de restos humanos, esta vez a la altura del kil\u00f3metro cinco de la Carretera a San Mateo.<br \/>\nEl dispositivo intercorporacional se estableci\u00f3 en dicha carretera y la Brecha 65 que la une con la colonia Monte Kristal Quinto Sector.<br \/>\nCon gran hermetismo se manejaron las investigaciones y aproximadamente a las 17:35 horas se retiraron varias corporaciones del lugar, aunque continuaban algunos eventos buscando entre el monte.<br \/>\nFue el pasado mi\u00e9rcoles cuando las mismas corporaciones realizaban la b\u00fasqueda en la Brecha del Agua en el kil\u00f3metro nueve, cuyos resultados no se dieron a conocer.<\/p>\n","protected":false},"excerpt":{"rendered":"<p>Ju\u00e1rez, N.L. De nueva cuenta, elementos de la Fiscal\u00eda General de la Rep\u00fablica Guardia Nacional, Ej\u00e9rcito Mexicano, Agencia Estatal de Investigaciones y Polic\u00eda Municipal de Ju\u00e1rez, realizaron un operativo de b\u00fasqueda de restos humanos, esta vez a la altura del kil\u00f3metro cinco de la Carretera a San Mateo. El dispositivo intercorporacional se estableci\u00f3 en dicha [&hellip;]<\/p>\n","protected":false},"author":14,"featured_media":98459,"comment_status":"closed","ping_status":"closed","sticky":false,"template":"","format":"standard","meta":{"footnotes":""},"categories":[18],"tags":[12723,4034,634],"class_list":["post-98458","post","type-post","status-publish","format-standard","has-post-thumbnail","hentry","category-locales-juarez","tag-buscan-cu3rpos","tag-carretera-a-san-mateo","tag-colonia-monte-kristal"],"_links":{"self":[{"href":"https:\/\/laultimapalabra.com.mx\/portal\/wp-json\/wp\/v2\/posts\/98458","targetHints":{"allow":["GET"]}}],"collection":[{"href":"https:\/\/laultimapalabra.com.mx\/portal\/wp-json\/wp\/v2\/posts"}],"about":[{"href":"https:\/\/laultimapalabra.com.mx\/portal\/wp-json\/wp\/v2\/types\/post"}],"author":[{"embeddable":true,"href":"https:\/\/laultimapalabra.com.mx\/portal\/wp-json\/wp\/v2\/users\/14"}],"replies":[{"embeddable":true,"href":"https:\/\/laultimapalabra.com.mx\/portal\/wp-json\/wp\/v2\/comments?post=98458"}],"version-history":[{"count":1,"href":"https:\/\/laultimapalabra.com.mx\/portal\/wp-json\/wp\/v2\/posts\/98458\/revisions"}],"predecessor-version":[{"id":98460,"href":"https:\/\/laultimapalabra.com.mx\/portal\/wp-json\/wp\/v2\/posts\/98458\/revisions\/98460"}],"wp:featuredmedia":[{"embeddable":true,"href":"https:\/\/laultimapalabra.com.mx\/portal\/wp-json\/wp\/v2\/media\/98459"}],"wp:attachment":[{"href":"https:\/\/laultimapalabra.com.mx\/portal\/wp-json\/wp\/v2\/media?parent=98458"}],"wp:term":[{"taxonomy":"category","embeddable":true,"href":"https:\/\/laultimapalabra.com.mx\/portal\/wp-json\/wp\/v2\/categories?post=98458"},{"taxonomy":"post_tag","embeddable":true,"href":"https:\/\/laultimapalabra.com.mx\/portal\/wp-json\/wp\/v2\/tags?post=98458"}],"curies":[{"name":"wp","href":"https:\/\/api.w.org\/{rel}","templated":true}]}}