                       {"id":9859,"date":"2019-08-29T21:01:08","date_gmt":"2019-08-30T02:01:08","guid":{"rendered":"http:\/\/laultimapalabra.info\/?p=9859"},"modified":"2024-12-11T08:56:12","modified_gmt":"2024-12-11T14:56:12","slug":"recordemos-al-capitan-alonso-de-leon-pacificador-fundador-de-villas-y-primer-cronista-del-noreste","status":"publish","type":"post","link":"https:\/\/laultimapalabra.com.mx\/portal\/recordemos-al-capitan-alonso-de-leon-pacificador-fundador-de-villas-y-primer-cronista-del-noreste\/","title":{"rendered":"Recordemos al Capit\u00e1n Alonso De Le\u00f3n\u2026 pacificador\u2026 fundador de Villas y primer cronista del noreste"},"content":{"rendered":"<p style=\"text-align: justify;\"><img loading=\"lazy\" decoding=\"async\" class=\"size-medium wp-image-9861 alignright\" src=\"https:\/\/laultimapalabra.com.mx\/portal\/wp-content\/uploads\/2019\/08\/4509580-300x225.jpg\" alt=\"\" width=\"300\" height=\"225\" \/>Por: Dr. Jos\u00e9 Ascenci\u00f3n Tijerina Flores<\/p>\n<p style=\"text-align: justify;\">Alonso De Le\u00f3n nace en la ciudad de M\u00e9xico un 31 de agosto entre los a\u00f1os 1600 o 1610. Alonso P\u00e9rez y Adriana De Le\u00f3n fueron sus padres. Curs\u00f3 latinidad ret\u00f3rica y filosof\u00eda, obteniendo el bachillerato en artes.<br \/>\nPocos los nuevoleoneses conocen la obra del cronista Alonso De Le\u00f3n, se dice que consta al menos de cinco manuscritos diversos; sin embargo, la obra m\u00e1s importante del Capit\u00e1n lleva por t\u00edtulo: Relaci\u00f3n y Discursos del Descubrimiento, Poblaci\u00f3n y Pacificaci\u00f3n de este Nuevo Reino de Le\u00f3n, Temperamento y Calidad de la Tierra.<br \/>\nEstos \u201cdiscursos\u201d est\u00e1n dirigidos o dedicados al ilustr\u00edsimo Don Juan de Ma\u00f1osca, inquisidor del santo oficio de quien hab\u00eda sido condisc\u00edpulo.<br \/>\nAlonso De Le\u00f3n fecha su cr\u00f3nica en Cadereyta el 26 de julio de 1646 aunque existen pruebas que a\u00f1adi\u00f3 notas a su libro en 1651. Como buen creyente Alonso somete su trabajo al fallo de la sacra romana cat\u00f3lica eclesi\u00e1stica y finalmente fecha su escrito en el \u201ca\u00f1o del se\u00f1or de 1649\u201d y concluye su dedicatoria diciendo \u201cCadereyta y julio 26 de 1649 a\u00f1os\u201d.<br \/>\nDiversas razones le indujeron a escribir: la primera, \u201cno hab\u00eda quien se hubiera ocupado de esas cosas a fin de conservarlas en forma oral o escrita\u201d y segunda, \u201cpor mi curiosidad\u201d, adem\u00e1s, otra raz\u00f3n ser\u00eda porque \u201cun amigo de M\u00e9xico\u201d (probablemente Ma\u00f1osca) le pide informaci\u00f3n de esta regi\u00f3n en todos sus aspectos agregando \u201cdolerse por ver tantos y tan grandes trabajos de algunos espa\u00f1oles que han perecido a manos de estos b\u00e1rbaros sepultados en las cavernas del olvido\u201d.<br \/>\nCreyente sincero y de formaci\u00f3n profundamente religiosa agregando en sus notas: \u201ca veces importa traer ejemplos antiguos para recuerdo de los presentes\u201d. Condena la actitud de algunos espa\u00f1oles por los castigos a los ind\u00edgenas y sentencia: \u201calg\u00fan d\u00eda se les pedir\u00e1 estrecha cuenta\u201d.<br \/>\nEl Rey Felipe IV escribi\u00f3 en sus notas: \u201cAlonso De Le\u00f3n me ha hecho relaci\u00f3n que deseoso de servirme fue de esa Nueva Espa\u00f1a al Nuevo Reino de Le\u00f3n sobre el a\u00f1o 1635\u201d.<br \/>\nCasado con Josefa Gonz\u00e1lez natural de Huichapan lleg\u00f3 con sus haciendas de ganados mayores y menores pero solo le dan tierras a condici\u00f3n de vecindad y al fundarse Cadereyta comprometido como vecino pide tierras de 30 sitios de estancia (Un sitio=755 hect\u00e1reas), 24 de ganado menor y 6 de mayor as\u00ed como \u201ccaballer\u00edas de tierra desde la junta del r\u00edo garrapatas cogiendo todo el anc\u00f3n hacia arriba\u201d.<br \/>\nFunda la Hacienda San Mateo despu\u00e9s de la fundaci\u00f3n de la Villa de Cadereyta y la \u00fanica referencia documental de su muerte es una causa contra los indios fechada en la hacienda San Mateo el 9 de septiembre de 1661.<br \/>\nEstudiante virtuoso, criador de ganados, vecino y gobernante (seis ocasiones) de la Villa de Cadereyta valeroso pacificador encomendero generoso, expedicionario y descubridor de tierras, costumbrista, te\u00f3logo y fil\u00f3sofo fundador de pueblos, servidor del Rey y sobre todo el primer cronista fidel\u00edsimo de las costumbres de los indios de la regi\u00f3n.<br \/>\nEste pr\u00f3ximo 31 de agosto en su honor, se festejara el d\u00eda del cronista con la asistencia de la gran mayor\u00eda de los cronistas del Estado de Nuevo Le\u00f3n e invitados en que se honrara su memoria y se relatar\u00e1 detalladamente su paso por estas tierras a cargo de los cronistas asistentes. La cita es a las 10 a.m. en el Museo de Historia Jimenence de donde iniciar\u00e1 un recorrido hacia la casa fuerte habitaci\u00f3n del Capit\u00e1n y lo que fueron sus pertenencias terrenales. Culminar\u00e1 esa visita en el propio Museo donde se servir\u00e1 el platillo t\u00edpico de la regi\u00f3n donde se dar\u00e1n por concluidos los trabajos de esta celebraci\u00f3n.<br \/>\nGracias<\/p>\n<p style=\"text-align: justify;\">Fe de rratas: En nuestra edici\u00f3n pasada cometimos un error involuntario al mencionar que Don Esteban habr\u00eda nacido por recomendaciones m\u00e9dicas en Monterrey siendo lo correcto que fue el Lic. H\u00e9ctor Gonz\u00e1lez quien naci\u00f3 en ese lugar por necesidades m\u00e9dicas. Pido disculpas a nuestros lectores que amablemente nos hicieron saber del error.<\/p>\n","protected":false},"excerpt":{"rendered":"<p>Por: Dr. Jos\u00e9 Ascenci\u00f3n Tijerina Flores Alonso De Le\u00f3n nace en la ciudad de M\u00e9xico un 31 de agosto entre los a\u00f1os 1600 o 1610. Alonso P\u00e9rez y Adriana De Le\u00f3n fueron sus padres. Curs\u00f3 latinidad ret\u00f3rica y filosof\u00eda, obteniendo el bachillerato en artes. Pocos los nuevoleoneses conocen la obra del cronista Alonso De Le\u00f3n, [&hellip;]<\/p>\n","protected":false},"author":9,"featured_media":9861,"comment_status":"open","ping_status":"closed","sticky":false,"template":"","format":"standard","meta":{"footnotes":""},"categories":[1],"tags":[879],"class_list":["post-9859","post","type-post","status-publish","format-standard","has-post-thumbnail","hentry","category-noticias","tag-dr-jose-ascencion-tijerina-flores"],"_links":{"self":[{"href":"https:\/\/laultimapalabra.com.mx\/portal\/wp-json\/wp\/v2\/posts\/9859","targetHints":{"allow":["GET"]}}],"collection":[{"href":"https:\/\/laultimapalabra.com.mx\/portal\/wp-json\/wp\/v2\/posts"}],"about":[{"href":"https:\/\/laultimapalabra.com.mx\/portal\/wp-json\/wp\/v2\/types\/post"}],"author":[{"embeddable":true,"href":"https:\/\/laultimapalabra.com.mx\/portal\/wp-json\/wp\/v2\/users\/9"}],"replies":[{"embeddable":true,"href":"https:\/\/laultimapalabra.com.mx\/portal\/wp-json\/wp\/v2\/comments?post=9859"}],"version-history":[{"count":1,"href":"https:\/\/laultimapalabra.com.mx\/portal\/wp-json\/wp\/v2\/posts\/9859\/revisions"}],"predecessor-version":[{"id":68241,"href":"https:\/\/laultimapalabra.com.mx\/portal\/wp-json\/wp\/v2\/posts\/9859\/revisions\/68241"}],"wp:featuredmedia":[{"embeddable":true,"href":"https:\/\/laultimapalabra.com.mx\/portal\/wp-json\/"}],"wp:attachment":[{"href":"https:\/\/laultimapalabra.com.mx\/portal\/wp-json\/wp\/v2\/media?parent=9859"}],"wp:term":[{"taxonomy":"category","embeddable":true,"href":"https:\/\/laultimapalabra.com.mx\/portal\/wp-json\/wp\/v2\/categories?post=9859"},{"taxonomy":"post_tag","embeddable":true,"href":"https:\/\/laultimapalabra.com.mx\/portal\/wp-json\/wp\/v2\/tags?post=9859"}],"curies":[{"name":"wp","href":"https:\/\/api.w.org\/{rel}","templated":true}]}}