                       {"id":9863,"date":"2019-08-29T21:03:13","date_gmt":"2019-08-30T02:03:13","guid":{"rendered":"http:\/\/laultimapalabra.info\/?p=9863"},"modified":"2024-12-11T08:56:12","modified_gmt":"2024-12-11T14:56:12","slug":"foto-del-recuerdo-50","status":"publish","type":"post","link":"https:\/\/laultimapalabra.com.mx\/portal\/foto-del-recuerdo-50\/","title":{"rendered":"Foto del Recuerdo"},"content":{"rendered":"<p><img loading=\"lazy\" decoding=\"async\" class=\"alignnone size-medium wp-image-9860\" src=\"https:\/\/laultimapalabra.com.mx\/portal\/wp-content\/uploads\/2019\/08\/17-300x201.jpg\" alt=\"\" width=\"300\" height=\"201\" \/><\/p>\n<p>Plazuela de Tampico, antes llamada Plaza 27 de Septiembre, durante el a\u00f1o de 1940 existi\u00f3 un parque de BaseBall en este mismo lugar, llamado tambi\u00e9n 27 de Septiembre<\/p>\n<p>Env\u00ede su material fotogr\u00e1fico antiguo al correo: director@laultimapalabra.com.mx o acuda a nuestras oficinas y se las publicaremos con mucho gusto sin costo.<\/p>\n","protected":false},"excerpt":{"rendered":"<p>Plazuela de Tampico, antes llamada Plaza 27 de Septiembre, durante el a\u00f1o de 1940 existi\u00f3 un parque de BaseBall en este mismo lugar, llamado tambi\u00e9n 27 de Septiembre Env\u00ede su material fotogr\u00e1fico antiguo al correo: director@laultimapalabra.com.mx o acuda a nuestras oficinas y se las publicaremos con mucho gusto sin costo.<\/p>\n","protected":false},"author":9,"featured_media":9860,"comment_status":"open","ping_status":"closed","sticky":false,"template":"","format":"standard","meta":{"footnotes":""},"categories":[1],"tags":[1380],"class_list":["post-9863","post","type-post","status-publish","format-standard","has-post-thumbnail","hentry","category-noticias","tag-la-foto-del-recuerdo"],"_links":{"self":[{"href":"https:\/\/laultimapalabra.com.mx\/portal\/wp-json\/wp\/v2\/posts\/9863","targetHints":{"allow":["GET"]}}],"collection":[{"href":"https:\/\/laultimapalabra.com.mx\/portal\/wp-json\/wp\/v2\/posts"}],"about":[{"href":"https:\/\/laultimapalabra.com.mx\/portal\/wp-json\/wp\/v2\/types\/post"}],"author":[{"embeddable":true,"href":"https:\/\/laultimapalabra.com.mx\/portal\/wp-json\/wp\/v2\/users\/9"}],"replies":[{"embeddable":true,"href":"https:\/\/laultimapalabra.com.mx\/portal\/wp-json\/wp\/v2\/comments?post=9863"}],"version-history":[{"count":1,"href":"https:\/\/laultimapalabra.com.mx\/portal\/wp-json\/wp\/v2\/posts\/9863\/revisions"}],"predecessor-version":[{"id":68243,"href":"https:\/\/laultimapalabra.com.mx\/portal\/wp-json\/wp\/v2\/posts\/9863\/revisions\/68243"}],"wp:featuredmedia":[{"embeddable":true,"href":"https:\/\/laultimapalabra.com.mx\/portal\/wp-json\/"}],"wp:attachment":[{"href":"https:\/\/laultimapalabra.com.mx\/portal\/wp-json\/wp\/v2\/media?parent=9863"}],"wp:term":[{"taxonomy":"category","embeddable":true,"href":"https:\/\/laultimapalabra.com.mx\/portal\/wp-json\/wp\/v2\/categories?post=9863"},{"taxonomy":"post_tag","embeddable":true,"href":"https:\/\/laultimapalabra.com.mx\/portal\/wp-json\/wp\/v2\/tags?post=9863"}],"curies":[{"name":"wp","href":"https:\/\/api.w.org\/{rel}","templated":true}]}}