                       {"id":98721,"date":"2025-02-03T14:15:13","date_gmt":"2025-02-03T20:15:13","guid":{"rendered":"https:\/\/laultimapalabra.com.mx\/portal\/?p=98721"},"modified":"2025-02-03T14:15:13","modified_gmt":"2025-02-03T20:15:13","slug":"se-incendia-el-bar-123-en-cadereyta","status":"publish","type":"post","link":"https:\/\/laultimapalabra.com.mx\/portal\/se-incendia-el-bar-123-en-cadereyta\/","title":{"rendered":"Se incendia el bar 1,2,3 en Cadereyta"},"content":{"rendered":"<p>&nbsp;<\/p>\n<p>Cadereyta Jim., N.L.-Un incendio que se present\u00f3 la tarde de este domingo dos de febrero que moviliz\u00f3 a las autoridades y cuerpos de auxilio.<br \/>\nUn famoso bar conocido como &#8220;Bar 1, 2, 3&#8221; ubicado sobre la calle Morelos cruz con Emiliano Zapata en el centro de Cadereyta se prendi\u00f3 en llamas consumiendo todo el mobiliario.<\/p>\n<p><img loading=\"lazy\" decoding=\"async\" class=\"alignnone size-medium wp-image-98724\" src=\"https:\/\/laultimapalabra.com.mx\/portal\/wp-content\/uploads\/2025\/02\/44502e90-2c1d-482c-8e68-b61bf18e2bd4-300x225.jpeg\" alt=\"\" width=\"300\" height=\"225\" srcset=\"https:\/\/laultimapalabra.com.mx\/portal\/wp-content\/uploads\/2025\/02\/44502e90-2c1d-482c-8e68-b61bf18e2bd4-300x225.jpeg 300w, https:\/\/laultimapalabra.com.mx\/portal\/wp-content\/uploads\/2025\/02\/44502e90-2c1d-482c-8e68-b61bf18e2bd4-1024x768.jpeg 1024w, https:\/\/laultimapalabra.com.mx\/portal\/wp-content\/uploads\/2025\/02\/44502e90-2c1d-482c-8e68-b61bf18e2bd4-768x576.jpeg 768w, https:\/\/laultimapalabra.com.mx\/portal\/wp-content\/uploads\/2025\/02\/44502e90-2c1d-482c-8e68-b61bf18e2bd4-1536x1152.jpeg 1536w, https:\/\/laultimapalabra.com.mx\/portal\/wp-content\/uploads\/2025\/02\/44502e90-2c1d-482c-8e68-b61bf18e2bd4.jpeg 1600w\" sizes=\"auto, (max-width: 300px) 100vw, 300px\" \/><br \/>\nBomberos municipales a cargo de su director Guillermo de Le\u00f3n combatieron el fuego, al lugar acudi\u00f3 la polic\u00eda municipal para acordonar el \u00e1rea.<\/p>\n<p><img loading=\"lazy\" decoding=\"async\" class=\"alignnone size-medium wp-image-98725\" src=\"https:\/\/laultimapalabra.com.mx\/portal\/wp-content\/uploads\/2025\/02\/f96aad48-4df8-45a0-8193-1ec1edc6ed7a-300x225.jpeg\" alt=\"\" width=\"300\" height=\"225\" srcset=\"https:\/\/laultimapalabra.com.mx\/portal\/wp-content\/uploads\/2025\/02\/f96aad48-4df8-45a0-8193-1ec1edc6ed7a-300x225.jpeg 300w, https:\/\/laultimapalabra.com.mx\/portal\/wp-content\/uploads\/2025\/02\/f96aad48-4df8-45a0-8193-1ec1edc6ed7a-1024x768.jpeg 1024w, https:\/\/laultimapalabra.com.mx\/portal\/wp-content\/uploads\/2025\/02\/f96aad48-4df8-45a0-8193-1ec1edc6ed7a-768x576.jpeg 768w, https:\/\/laultimapalabra.com.mx\/portal\/wp-content\/uploads\/2025\/02\/f96aad48-4df8-45a0-8193-1ec1edc6ed7a-1536x1152.jpeg 1536w, https:\/\/laultimapalabra.com.mx\/portal\/wp-content\/uploads\/2025\/02\/f96aad48-4df8-45a0-8193-1ec1edc6ed7a.jpeg 1600w\" sizes=\"auto, (max-width: 300px) 100vw, 300px\" \/><br \/>\nS\u00f3lo reportaron p\u00e9rdidas materiales, ya que por la hora el bar no estaba operando. Hasta el momento desconocen las causas que lo originaron.<\/p>\n","protected":false},"excerpt":{"rendered":"<p>&nbsp; Cadereyta Jim., N.L.-Un incendio que se present\u00f3 la tarde de este domingo dos de febrero que moviliz\u00f3 a las autoridades y cuerpos de auxilio. Un famoso bar conocido como &#8220;Bar 1, 2, 3&#8221; ubicado sobre la calle Morelos cruz con Emiliano Zapata en el centro de Cadereyta se prendi\u00f3 en llamas consumiendo todo el [&hellip;]<\/p>\n","protected":false},"author":14,"featured_media":98722,"comment_status":"closed","ping_status":"closed","sticky":false,"template":"","format":"standard","meta":{"footnotes":""},"categories":[17],"tags":[12753,12393,1254],"class_list":["post-98721","post","type-post","status-publish","format-standard","has-post-thumbnail","hentry","category-locales-cadereyta","tag-bar-1-23","tag-cadereyta-jim-n-l","tag-incendio"],"_links":{"self":[{"href":"https:\/\/laultimapalabra.com.mx\/portal\/wp-json\/wp\/v2\/posts\/98721","targetHints":{"allow":["GET"]}}],"collection":[{"href":"https:\/\/laultimapalabra.com.mx\/portal\/wp-json\/wp\/v2\/posts"}],"about":[{"href":"https:\/\/laultimapalabra.com.mx\/portal\/wp-json\/wp\/v2\/types\/post"}],"author":[{"embeddable":true,"href":"https:\/\/laultimapalabra.com.mx\/portal\/wp-json\/wp\/v2\/users\/14"}],"replies":[{"embeddable":true,"href":"https:\/\/laultimapalabra.com.mx\/portal\/wp-json\/wp\/v2\/comments?post=98721"}],"version-history":[{"count":1,"href":"https:\/\/laultimapalabra.com.mx\/portal\/wp-json\/wp\/v2\/posts\/98721\/revisions"}],"predecessor-version":[{"id":98726,"href":"https:\/\/laultimapalabra.com.mx\/portal\/wp-json\/wp\/v2\/posts\/98721\/revisions\/98726"}],"wp:featuredmedia":[{"embeddable":true,"href":"https:\/\/laultimapalabra.com.mx\/portal\/wp-json\/wp\/v2\/media\/98722"}],"wp:attachment":[{"href":"https:\/\/laultimapalabra.com.mx\/portal\/wp-json\/wp\/v2\/media?parent=98721"}],"wp:term":[{"taxonomy":"category","embeddable":true,"href":"https:\/\/laultimapalabra.com.mx\/portal\/wp-json\/wp\/v2\/categories?post=98721"},{"taxonomy":"post_tag","embeddable":true,"href":"https:\/\/laultimapalabra.com.mx\/portal\/wp-json\/wp\/v2\/tags?post=98721"}],"curies":[{"name":"wp","href":"https:\/\/api.w.org\/{rel}","templated":true}]}}