                       {"id":9878,"date":"2019-08-29T21:49:13","date_gmt":"2019-08-30T02:49:13","guid":{"rendered":"http:\/\/laultimapalabra.info\/?p=9878"},"modified":"2024-12-11T08:56:12","modified_gmt":"2024-12-11T14:56:12","slug":"reinauguran-asociacion-contra-cancer-de-mama","status":"publish","type":"post","link":"https:\/\/laultimapalabra.com.mx\/portal\/reinauguran-asociacion-contra-cancer-de-mama\/","title":{"rendered":"Reinauguran asociaci\u00f3n contra c\u00e1ncer de mama"},"content":{"rendered":"<p style=\"text-align: justify;\"><img loading=\"lazy\" decoding=\"async\" class=\"size-medium wp-image-9879 alignright\" src=\"https:\/\/laultimapalabra.com.mx\/portal\/wp-content\/uploads\/2019\/08\/base-10-300x225.jpg\" alt=\"\" width=\"300\" height=\"225\" \/>Miguel Oscar P\u00e9rez<br \/>\nCADEREYTA JIM\u00c9NEZ, N.L.-<br \/>\nCon la presencia del doctor Sab\u00e1s Ren\u00e9 Tamez P\u00e9rez, presidente de la Asociaci\u00f3n Salvemos Cadereyta del C\u00e1ncer de Mama, AC; Claudia A. Gallegos de la Garza, secretaria ejecutiva de la misma asociaci\u00f3n; Paola Gonz\u00e1lez, Diputada Federal por el distrito 12, fueron reinauguradas las oficinas de la asociaci\u00f3n, para dar un mejor servicio social para la detecci\u00f3n temprana del c\u00e1ncer de mama.<br \/>\nEstuvieron tambi\u00e9n la se\u00f1ora Guadalupe Cu\u00e9llar, como nueva integrante de la asociaci\u00f3n, as\u00ed como la de Karla Ch\u00e1vez, jefa de inscripciones del Seguro Popular.<br \/>\nAntes de cortar el list\u00f3n inaugural, tambi\u00e9n se anunci\u00f3 que la sede de la asociaci\u00f3n, albergar\u00e1 un m\u00f3dulo del Seguro Popular, como apoyo a la ciudadan\u00eda en general, adem\u00e1s de las pacientes que pudieran resultar positivas en la mortal enfermedad.<br \/>\nEl anfitri\u00f3n explic\u00f3 que en la asociaci\u00f3n se otorga gratuitamente las mamograf\u00edas y que en caso de un ultrasonido, la asociaci\u00f3n cubre el 50% de los gastos, pagando las solicitantes s\u00f3lo 300 pesos.<br \/>\nDespu\u00e9s de cortar el list\u00f3n inaugural, se realiz\u00f3 un recorrido por las distintas \u00e1reas de la asociaci\u00f3n ubicada en la calle Zaragoza 617, casi esquina con Pino Su\u00e1rez, a un lado de la Unidad de Especialidades M\u00e9dicas.<br \/>\nEn el evento se destac\u00f3 que Cadereyta rebasa la media que se establece de 4 \u00f3 5 personas por cada 100,000 habitantes, ya que s\u00f3lo la asociaci\u00f3n los ha detectado por a\u00f1os, m\u00e1s las otras entidades de servicio.<br \/>\nPor eso se hizo un llamado a todas las mujeres a explorarse y a revisarse anualmente para una detecci\u00f3n temprana y esto aumente mayor posibilidad de vencer el c\u00e1ncer de mama.<\/p>\n","protected":false},"excerpt":{"rendered":"<p>Miguel Oscar P\u00e9rez CADEREYTA JIM\u00c9NEZ, N.L.- Con la presencia del doctor Sab\u00e1s Ren\u00e9 Tamez P\u00e9rez, presidente de la Asociaci\u00f3n Salvemos Cadereyta del C\u00e1ncer de Mama, AC; Claudia A. Gallegos de la Garza, secretaria ejecutiva de la misma asociaci\u00f3n; Paola Gonz\u00e1lez, Diputada Federal por el distrito 12, fueron reinauguradas las oficinas de la asociaci\u00f3n, para dar [&hellip;]<\/p>\n","protected":false},"author":9,"featured_media":9879,"comment_status":"open","ping_status":"closed","sticky":false,"template":"","format":"standard","meta":{"footnotes":""},"categories":[17],"tags":[2339],"class_list":["post-9878","post","type-post","status-publish","format-standard","has-post-thumbnail","hentry","category-locales-cadereyta","tag-salvemos-a-cadereyta-de-cancer-de-mama"],"_links":{"self":[{"href":"https:\/\/laultimapalabra.com.mx\/portal\/wp-json\/wp\/v2\/posts\/9878","targetHints":{"allow":["GET"]}}],"collection":[{"href":"https:\/\/laultimapalabra.com.mx\/portal\/wp-json\/wp\/v2\/posts"}],"about":[{"href":"https:\/\/laultimapalabra.com.mx\/portal\/wp-json\/wp\/v2\/types\/post"}],"author":[{"embeddable":true,"href":"https:\/\/laultimapalabra.com.mx\/portal\/wp-json\/wp\/v2\/users\/9"}],"replies":[{"embeddable":true,"href":"https:\/\/laultimapalabra.com.mx\/portal\/wp-json\/wp\/v2\/comments?post=9878"}],"version-history":[{"count":1,"href":"https:\/\/laultimapalabra.com.mx\/portal\/wp-json\/wp\/v2\/posts\/9878\/revisions"}],"predecessor-version":[{"id":68251,"href":"https:\/\/laultimapalabra.com.mx\/portal\/wp-json\/wp\/v2\/posts\/9878\/revisions\/68251"}],"wp:featuredmedia":[{"embeddable":true,"href":"https:\/\/laultimapalabra.com.mx\/portal\/wp-json\/"}],"wp:attachment":[{"href":"https:\/\/laultimapalabra.com.mx\/portal\/wp-json\/wp\/v2\/media?parent=9878"}],"wp:term":[{"taxonomy":"category","embeddable":true,"href":"https:\/\/laultimapalabra.com.mx\/portal\/wp-json\/wp\/v2\/categories?post=9878"},{"taxonomy":"post_tag","embeddable":true,"href":"https:\/\/laultimapalabra.com.mx\/portal\/wp-json\/wp\/v2\/tags?post=9878"}],"curies":[{"name":"wp","href":"https:\/\/api.w.org\/{rel}","templated":true}]}}