                       {"id":989,"date":"2018-03-23T00:32:32","date_gmt":"2018-03-23T00:32:32","guid":{"rendered":"http:\/\/laultimapalabra.info\/?p=989"},"modified":"2024-12-11T08:37:05","modified_gmt":"2024-12-11T14:37:05","slug":"el-quemador-8","status":"publish","type":"post","link":"https:\/\/laultimapalabra.com.mx\/portal\/el-quemador-8\/","title":{"rendered":"El Quemador"},"content":{"rendered":"<p style=\"text-align: justify;\"><img loading=\"lazy\" decoding=\"async\" class=\"size-medium wp-image-159 alignleft\" src=\"https:\/\/laultimapalabra.com.mx\/portal\/wp-content\/uploads\/2018\/02\/Banner-Caliente-copia-300x171.jpg\" alt=\"\" width=\"300\" height=\"171\" \/>Por: El Repre<\/p>\n<p style=\"text-align: justify;\">VACACIONES<br \/>\nIniciamos esta columneja muy pero muy contentos porque a partir de hoy estamos de vacaciones raza\u2026que chulada, pues dejaremos de laborar la cuarentena de d\u00edas y aprovecharemos para visitar las paradisiacas playas de Tampico en esta Semana Santa (no alcanza pa\u00b4 Canc\u00fan compitas)\u2026pero alg\u00fan d\u00eda alcanzara!!<br \/>\nCOMIDILLA<br \/>\nY antes de emprender el viaje les platicamos que ha como nos han puesto gorro con el tema de moda en nuestra Secci\u00f3n, la comidilla pues\u2026y es que es inevitable no hablar de lo que toda la gente habla\u2026y eso que aseguran que no les gusta el chisme, pero ha como les entretiene \u00bfverdad? S\u00edganle!!<br \/>\nAUDIOS<br \/>\nY aunque es un tema del cual en la Refi nos prohibieron hablar, por lo delicado del mismo, pues tampoco nos podemos hacer los occisos, y m\u00e1s cuando el asunto ya es de dominio p\u00fablico\u2026nos referimos a unos audios que andan circulando por las famosas redes sociales, de los cuales dicen son de procedencia dudosa y carecen de autenticidad\u2026 \u00bfser\u00e1? s\u00edganle!!<br \/>\nNO SE VALE<br \/>\nPues si bien es cierto que esos mentados audios existen, lo que no se vale es que los mismos que se dicen ser de confianza, del cuadro chico o la gente fuerte sean los primeros en andar divulgando tremenda noticia\u2026o sea en lugar de calmar las aguas, las dejaron correr y hasta salpicaron e hicieron charcototes\u2026re jijos!!<br \/>\nCLAUDIA LUMBRERAS<br \/>\nY es que hay tienen que Sergio el usurpador Lumbreras, cometi\u00f3 la burrada de mandarle el desafortunado audio a su hermanita Claudita Lumbreras que trabaja en el almac\u00e9n y est\u00e1 agrand\u00f3 el hecho subiendo las voces a un grupo de WhatsApp abierto donde todo el almac\u00e9n nexos y conexos se enteraron de lo que apenas comenzaba a rumorearse\u2026burrada y traici\u00f3n!!<br \/>\nSE HIZO VIRAL<br \/>\nY ya una vez escuchado en todos los almacenes el famoso audio se hizo viral y todo gracias a los hermanitos Lumbreras\u2026bien dice la frase: \u201ccon esos amigos, pa\u00b4 que quieres gente de confianza\u201d que poca progenitora la de los hermanitos Lumbreras!!<br \/>\nWHATSAPP<br \/>\n\u00bfSe acuerdan de aquel comercial del tenor que gritaba a todo pulm\u00f3n: \u201cse los diiiiijeeeee\u201d? pues este su Repre se los dijo y se los re dijo, esos grupitos de WhatsApp no traer\u00e1n nada bueno, ya no tardan en regarla y subir cosas indebidas y zaaas culebra, ya paso\u2026y como siempre pasa, segurito segurito le echaran la culpa a este su Repre\u2026pero s\u00e9panlo de una vez, este su Repre jam\u00e1s habla mal del Patr\u00f3n aunque a veces ni las cocas se piche!!<br \/>\nMIGUEL<br \/>\nCambiando de tema, nos cuentan que el que andaba muy s\u00e1cale punta en asuntos de pol\u00edtica municipal y ahora resulta que su mam\u00e1 le dijo que siempre no, es Miguel el rajao\u00b4 Estrada\u2026y es que Miguel se cans\u00f3 de decir que estaba a muerte con Andr\u00e9s Manuel L\u00f3pez Obrador y hasta la candidatura por una diputaci\u00f3n pudo obtener y de buenas a primeras se desapareci\u00f3\u2026s\u00edganle!!<br \/>\nSE RAJO<br \/>\nPues as\u00ed como lo leen, Miguel simple y sencillamente se raj\u00f3, le zacateo, se cabreo pues y mando a Chihuahaua a un baile a toda su gente con la que no va solo ni a la esquina, (as\u00ed dice \u00e9l) a Morena y sobre todo a nuestro AMLO de oro\u2026que cobarde nos sali\u00f3 el compa Miguel!!<br \/>\nCOMISI\u00d3N<br \/>\nPero como nada hay oculto entre el cielo y la tierra les platicamos por qu\u00e9 Miguel el raja\u00b4o Estrada se ech\u00f3 para atr\u00e1s en sus \u201cideales y convicci\u00f3n\u201d de apoyar incondicionalmente al Peje\u2026pues resulta que Miguel cambio sus sue\u00f1os idealistas por la Secretar\u00eda de Trabajo en la pr\u00f3xima planilla\u2026pobre iluso tontejo pues se quedara como el perro de las dos tortas\u2026pero s\u00edganlo apoyando y creyendo en \u00e9l!!<br \/>\nLA JUANCA<br \/>\nEl que ya confirmo a todos los compas de su departamento y a sus mayuyos que se va comisionado 6 a\u00f1os a la CDMX es el corrupto mayor de las Catal\u00edticas la Juanca L\u00f3pez\u2026dice la Juanca que quedara libre la plaza de andar abriendo y cerrando puertas all\u00e1 en M\u00e9xico, y esa plaza la quiere \u00e9l!!<br \/>\nEL GATO JAIRO<br \/>\nY hablando de gatos, nos dicen que el que se puso c\u00f3mo mujer hist\u00e9rica oootra vez fue el Gato Jairo\u201d (as\u00ed le pusieron en Ventas, pues es pa\u2019 lo \u00fanico se sirve)\u2026dice el Gato que pronto sus Padrinos del Sindicato nos llegaran al precio y dejaremos de hablar de \u00e9l\u2026pobre tontejo!!&#8230;Arrivederchi.<\/p>\n","protected":false},"excerpt":{"rendered":"<p>Por: El Repre VACACIONES Iniciamos esta columneja muy pero muy contentos porque a partir de hoy estamos de vacaciones raza\u2026que chulada, pues dejaremos de laborar la cuarentena de d\u00edas y aprovecharemos para visitar las paradisiacas playas de Tampico en esta Semana Santa (no alcanza pa\u00b4 Canc\u00fan compitas)\u2026pero alg\u00fan d\u00eda alcanzara!! COMIDILLA Y antes de emprender [&hellip;]<\/p>\n","protected":false},"author":9,"featured_media":159,"comment_status":"open","ping_status":"closed","sticky":false,"template":"","format":"standard","meta":{"footnotes":""},"categories":[1],"tags":[942,943],"class_list":["post-989","post","type-post","status-publish","format-standard","has-post-thumbnail","hentry","category-noticias","tag-el-quemador","tag-el-repre"],"_links":{"self":[{"href":"https:\/\/laultimapalabra.com.mx\/portal\/wp-json\/wp\/v2\/posts\/989","targetHints":{"allow":["GET"]}}],"collection":[{"href":"https:\/\/laultimapalabra.com.mx\/portal\/wp-json\/wp\/v2\/posts"}],"about":[{"href":"https:\/\/laultimapalabra.com.mx\/portal\/wp-json\/wp\/v2\/types\/post"}],"author":[{"embeddable":true,"href":"https:\/\/laultimapalabra.com.mx\/portal\/wp-json\/wp\/v2\/users\/9"}],"replies":[{"embeddable":true,"href":"https:\/\/laultimapalabra.com.mx\/portal\/wp-json\/wp\/v2\/comments?post=989"}],"version-history":[{"count":1,"href":"https:\/\/laultimapalabra.com.mx\/portal\/wp-json\/wp\/v2\/posts\/989\/revisions"}],"predecessor-version":[{"id":63547,"href":"https:\/\/laultimapalabra.com.mx\/portal\/wp-json\/wp\/v2\/posts\/989\/revisions\/63547"}],"wp:featuredmedia":[{"embeddable":true,"href":"https:\/\/laultimapalabra.com.mx\/portal\/wp-json\/"}],"wp:attachment":[{"href":"https:\/\/laultimapalabra.com.mx\/portal\/wp-json\/wp\/v2\/media?parent=989"}],"wp:term":[{"taxonomy":"category","embeddable":true,"href":"https:\/\/laultimapalabra.com.mx\/portal\/wp-json\/wp\/v2\/categories?post=989"},{"taxonomy":"post_tag","embeddable":true,"href":"https:\/\/laultimapalabra.com.mx\/portal\/wp-json\/wp\/v2\/tags?post=989"}],"curies":[{"name":"wp","href":"https:\/\/api.w.org\/{rel}","templated":true}]}}