                       {"id":98940,"date":"2025-02-08T16:40:39","date_gmt":"2025-02-08T22:40:39","guid":{"rendered":"https:\/\/laultimapalabra.com.mx\/portal\/?p=98940"},"modified":"2025-02-08T16:40:39","modified_gmt":"2025-02-08T22:40:39","slug":"se-incendi-izzi-ard3n-vehiculos-en-juarez","status":"publish","type":"post","link":"https:\/\/laultimapalabra.com.mx\/portal\/se-incendi-izzi-ard3n-vehiculos-en-juarez\/","title":{"rendered":"Se incendi@ Izzi; ard3n veh\u00edculos en Ju\u00e1rez\u00a0"},"content":{"rendered":"<p>&nbsp;<\/p>\n<p>Ju\u00e1rez, N.L.<\/p>\n<p>Una intensa movilizaci\u00f3n de cuerpos de auxilio y de Seguridad P\u00fablica se desat\u00f3 a causa se un incendio en instalaciones de la empresa Izzi, ubicadas en la carretera a Reynosa, entre Aurrera y Mi Tienda del Ahorro.<\/p>\n<p>No se sabe las causas que originaron el siniestro, pero varios veh\u00edculos de la empresa fueron consumidos por las llamas en ese lugar.<\/p>\n<p>Al lugar arribaron bomberos de Ju\u00e1rez y elementos de Protecci\u00f3n Civil a abatir el fuego, mientras la polic\u00eda resguardada el per\u00edmetro del lugar.<\/p>\n","protected":false},"excerpt":{"rendered":"<p>&nbsp; Ju\u00e1rez, N.L. Una intensa movilizaci\u00f3n de cuerpos de auxilio y de Seguridad P\u00fablica se desat\u00f3 a causa se un incendio en instalaciones de la empresa Izzi, ubicadas en la carretera a Reynosa, entre Aurrera y Mi Tienda del Ahorro. No se sabe las causas que originaron el siniestro, pero varios veh\u00edculos de la empresa [&hellip;]<\/p>\n","protected":false},"author":9,"featured_media":98941,"comment_status":"closed","ping_status":"closed","sticky":false,"template":"","format":"standard","meta":{"footnotes":""},"categories":[18],"tags":[3590,5859],"class_list":["post-98940","post","type-post","status-publish","format-standard","has-post-thumbnail","hentry","category-locales-juarez","tag-juarez-nl","tag-ultimas-noticias"],"_links":{"self":[{"href":"https:\/\/laultimapalabra.com.mx\/portal\/wp-json\/wp\/v2\/posts\/98940","targetHints":{"allow":["GET"]}}],"collection":[{"href":"https:\/\/laultimapalabra.com.mx\/portal\/wp-json\/wp\/v2\/posts"}],"about":[{"href":"https:\/\/laultimapalabra.com.mx\/portal\/wp-json\/wp\/v2\/types\/post"}],"author":[{"embeddable":true,"href":"https:\/\/laultimapalabra.com.mx\/portal\/wp-json\/wp\/v2\/users\/9"}],"replies":[{"embeddable":true,"href":"https:\/\/laultimapalabra.com.mx\/portal\/wp-json\/wp\/v2\/comments?post=98940"}],"version-history":[{"count":1,"href":"https:\/\/laultimapalabra.com.mx\/portal\/wp-json\/wp\/v2\/posts\/98940\/revisions"}],"predecessor-version":[{"id":98942,"href":"https:\/\/laultimapalabra.com.mx\/portal\/wp-json\/wp\/v2\/posts\/98940\/revisions\/98942"}],"wp:featuredmedia":[{"embeddable":true,"href":"https:\/\/laultimapalabra.com.mx\/portal\/wp-json\/wp\/v2\/media\/98941"}],"wp:attachment":[{"href":"https:\/\/laultimapalabra.com.mx\/portal\/wp-json\/wp\/v2\/media?parent=98940"}],"wp:term":[{"taxonomy":"category","embeddable":true,"href":"https:\/\/laultimapalabra.com.mx\/portal\/wp-json\/wp\/v2\/categories?post=98940"},{"taxonomy":"post_tag","embeddable":true,"href":"https:\/\/laultimapalabra.com.mx\/portal\/wp-json\/wp\/v2\/tags?post=98940"}],"curies":[{"name":"wp","href":"https:\/\/api.w.org\/{rel}","templated":true}]}}