                       {"id":99292,"date":"2025-02-19T11:41:17","date_gmt":"2025-02-19T17:41:17","guid":{"rendered":"https:\/\/laultimapalabra.com.mx\/portal\/?p=99292"},"modified":"2025-02-19T11:48:42","modified_gmt":"2025-02-19T17:48:42","slug":"cadereyta-impulsa-el-empleo-con-mas-de-800-vacantes-disponibles","status":"publish","type":"post","link":"https:\/\/laultimapalabra.com.mx\/portal\/cadereyta-impulsa-el-empleo-con-mas-de-800-vacantes-disponibles\/","title":{"rendered":"Cadereyta Impulsa el Empleo con m\u00e1s de 800 Vacantes"},"content":{"rendered":"<p>Cadereyta Jim\u00e9nez, N.L. &#8211; El Gobierno Municipal de Cadereyta Jim\u00e9nez, encabezado por el Alcalde Carlos Rodr\u00edguez \u201cEl Cuate\u201d, en colaboraci\u00f3n con la Secretar\u00eda de Desarrollo Social y Humano, dirigida por Rosendo \u201cChendo\u201d Garza, y la Direcci\u00f3n de Desarrollo Econ\u00f3mico, liderada por el Ing. Juan Pablo Garc\u00eda, llev\u00f3 a cabo con gran \u00e9xito la Feria de Empleo, un evento clave para el crecimiento laboral en el municipio.<\/p>\n<p><img loading=\"lazy\" decoding=\"async\" class=\"alignnone wp-image-99305 size-large\" src=\"https:\/\/laultimapalabra.com.mx\/portal\/wp-content\/uploads\/2025\/02\/WhatsApp-Image-2025-02-19-at-11.26.45-AM-1024x890.jpeg\" alt=\"\" width=\"740\" height=\"643\" srcset=\"https:\/\/laultimapalabra.com.mx\/portal\/wp-content\/uploads\/2025\/02\/WhatsApp-Image-2025-02-19-at-11.26.45-AM-1024x890.jpeg 1024w, https:\/\/laultimapalabra.com.mx\/portal\/wp-content\/uploads\/2025\/02\/WhatsApp-Image-2025-02-19-at-11.26.45-AM-300x261.jpeg 300w, https:\/\/laultimapalabra.com.mx\/portal\/wp-content\/uploads\/2025\/02\/WhatsApp-Image-2025-02-19-at-11.26.45-AM-768x667.jpeg 768w, https:\/\/laultimapalabra.com.mx\/portal\/wp-content\/uploads\/2025\/02\/WhatsApp-Image-2025-02-19-at-11.26.45-AM-1536x1334.jpeg 1536w, https:\/\/laultimapalabra.com.mx\/portal\/wp-content\/uploads\/2025\/02\/WhatsApp-Image-2025-02-19-at-11.26.45-AM.jpeg 1600w\" sizes=\"auto, (max-width: 740px) 100vw, 740px\" \/> <img loading=\"lazy\" decoding=\"async\" class=\"alignnone wp-image-99302 size-large\" src=\"https:\/\/laultimapalabra.com.mx\/portal\/wp-content\/uploads\/2025\/02\/WhatsApp-Image-2025-02-19-at-11.26.46-AM-2-1024x682.jpeg\" alt=\"\" width=\"740\" height=\"493\" srcset=\"https:\/\/laultimapalabra.com.mx\/portal\/wp-content\/uploads\/2025\/02\/WhatsApp-Image-2025-02-19-at-11.26.46-AM-2-1024x682.jpeg 1024w, https:\/\/laultimapalabra.com.mx\/portal\/wp-content\/uploads\/2025\/02\/WhatsApp-Image-2025-02-19-at-11.26.46-AM-2-300x200.jpeg 300w, https:\/\/laultimapalabra.com.mx\/portal\/wp-content\/uploads\/2025\/02\/WhatsApp-Image-2025-02-19-at-11.26.46-AM-2-768x512.jpeg 768w, https:\/\/laultimapalabra.com.mx\/portal\/wp-content\/uploads\/2025\/02\/WhatsApp-Image-2025-02-19-at-11.26.46-AM-2-1536x1023.jpeg 1536w, https:\/\/laultimapalabra.com.mx\/portal\/wp-content\/uploads\/2025\/02\/WhatsApp-Image-2025-02-19-at-11.26.46-AM-2.jpeg 1600w\" sizes=\"auto, (max-width: 740px) 100vw, 740px\" \/> <img loading=\"lazy\" decoding=\"async\" class=\"alignnone wp-image-99301 size-large\" src=\"https:\/\/laultimapalabra.com.mx\/portal\/wp-content\/uploads\/2025\/02\/WhatsApp-Image-2025-02-19-at-11.26.46-AM-3-1024x524.jpeg\" alt=\"\" width=\"740\" height=\"379\" srcset=\"https:\/\/laultimapalabra.com.mx\/portal\/wp-content\/uploads\/2025\/02\/WhatsApp-Image-2025-02-19-at-11.26.46-AM-3-1024x524.jpeg 1024w, https:\/\/laultimapalabra.com.mx\/portal\/wp-content\/uploads\/2025\/02\/WhatsApp-Image-2025-02-19-at-11.26.46-AM-3-300x154.jpeg 300w, https:\/\/laultimapalabra.com.mx\/portal\/wp-content\/uploads\/2025\/02\/WhatsApp-Image-2025-02-19-at-11.26.46-AM-3-768x393.jpeg 768w, https:\/\/laultimapalabra.com.mx\/portal\/wp-content\/uploads\/2025\/02\/WhatsApp-Image-2025-02-19-at-11.26.46-AM-3-1536x786.jpeg 1536w, https:\/\/laultimapalabra.com.mx\/portal\/wp-content\/uploads\/2025\/02\/WhatsApp-Image-2025-02-19-at-11.26.46-AM-3.jpeg 1600w\" sizes=\"auto, (max-width: 740px) 100vw, 740px\" \/> <img loading=\"lazy\" decoding=\"async\" class=\"alignnone wp-image-99300 size-large\" src=\"https:\/\/laultimapalabra.com.mx\/portal\/wp-content\/uploads\/2025\/02\/WhatsApp-Image-2025-02-19-at-11.26.46-AM-4-1024x685.jpeg\" alt=\"\" width=\"740\" height=\"495\" srcset=\"https:\/\/laultimapalabra.com.mx\/portal\/wp-content\/uploads\/2025\/02\/WhatsApp-Image-2025-02-19-at-11.26.46-AM-4-1024x685.jpeg 1024w, https:\/\/laultimapalabra.com.mx\/portal\/wp-content\/uploads\/2025\/02\/WhatsApp-Image-2025-02-19-at-11.26.46-AM-4-300x201.jpeg 300w, https:\/\/laultimapalabra.com.mx\/portal\/wp-content\/uploads\/2025\/02\/WhatsApp-Image-2025-02-19-at-11.26.46-AM-4-768x514.jpeg 768w, https:\/\/laultimapalabra.com.mx\/portal\/wp-content\/uploads\/2025\/02\/WhatsApp-Image-2025-02-19-at-11.26.46-AM-4-1536x1028.jpeg 1536w, https:\/\/laultimapalabra.com.mx\/portal\/wp-content\/uploads\/2025\/02\/WhatsApp-Image-2025-02-19-at-11.26.46-AM-4.jpeg 1600w\" sizes=\"auto, (max-width: 740px) 100vw, 740px\" \/> <img loading=\"lazy\" decoding=\"async\" class=\"alignnone wp-image-99299 size-large\" src=\"https:\/\/laultimapalabra.com.mx\/portal\/wp-content\/uploads\/2025\/02\/WhatsApp-Image-2025-02-19-at-11.26.46-AM-5-1024x622.jpeg\" alt=\"\" width=\"740\" height=\"449\" srcset=\"https:\/\/laultimapalabra.com.mx\/portal\/wp-content\/uploads\/2025\/02\/WhatsApp-Image-2025-02-19-at-11.26.46-AM-5-1024x622.jpeg 1024w, https:\/\/laultimapalabra.com.mx\/portal\/wp-content\/uploads\/2025\/02\/WhatsApp-Image-2025-02-19-at-11.26.46-AM-5-300x182.jpeg 300w, https:\/\/laultimapalabra.com.mx\/portal\/wp-content\/uploads\/2025\/02\/WhatsApp-Image-2025-02-19-at-11.26.46-AM-5-768x467.jpeg 768w, https:\/\/laultimapalabra.com.mx\/portal\/wp-content\/uploads\/2025\/02\/WhatsApp-Image-2025-02-19-at-11.26.46-AM-5-1536x933.jpeg 1536w, https:\/\/laultimapalabra.com.mx\/portal\/wp-content\/uploads\/2025\/02\/WhatsApp-Image-2025-02-19-at-11.26.46-AM-5.jpeg 1600w\" sizes=\"auto, (max-width: 740px) 100vw, 740px\" \/><\/p>\n<p>En esta jornada, m\u00e1s de 60 empresas participaron activamente, ofreciendo m\u00e1s de 800 vacantes en distintos sectores, brindando a los asistentes oportunidades de empleo formales y acceso a mejores condiciones laborales.<\/p>\n<p><img loading=\"lazy\" decoding=\"async\" class=\"alignnone wp-image-99298 size-large\" src=\"https:\/\/laultimapalabra.com.mx\/portal\/wp-content\/uploads\/2025\/02\/WhatsApp-Image-2025-02-19-at-11.26.47-AM-1024x769.jpeg\" alt=\"\" width=\"740\" height=\"556\" srcset=\"https:\/\/laultimapalabra.com.mx\/portal\/wp-content\/uploads\/2025\/02\/WhatsApp-Image-2025-02-19-at-11.26.47-AM-1024x769.jpeg 1024w, https:\/\/laultimapalabra.com.mx\/portal\/wp-content\/uploads\/2025\/02\/WhatsApp-Image-2025-02-19-at-11.26.47-AM-300x225.jpeg 300w, https:\/\/laultimapalabra.com.mx\/portal\/wp-content\/uploads\/2025\/02\/WhatsApp-Image-2025-02-19-at-11.26.47-AM-768x577.jpeg 768w, https:\/\/laultimapalabra.com.mx\/portal\/wp-content\/uploads\/2025\/02\/WhatsApp-Image-2025-02-19-at-11.26.47-AM-1536x1154.jpeg 1536w, https:\/\/laultimapalabra.com.mx\/portal\/wp-content\/uploads\/2025\/02\/WhatsApp-Image-2025-02-19-at-11.26.47-AM.jpeg 1600w\" sizes=\"auto, (max-width: 740px) 100vw, 740px\" \/> <img loading=\"lazy\" decoding=\"async\" class=\"alignnone wp-image-99297 size-large\" src=\"https:\/\/laultimapalabra.com.mx\/portal\/wp-content\/uploads\/2025\/02\/WhatsApp-Image-2025-02-19-at-11.26.47-AM-1-1024x682.jpeg\" alt=\"\" width=\"740\" height=\"493\" srcset=\"https:\/\/laultimapalabra.com.mx\/portal\/wp-content\/uploads\/2025\/02\/WhatsApp-Image-2025-02-19-at-11.26.47-AM-1-1024x682.jpeg 1024w, https:\/\/laultimapalabra.com.mx\/portal\/wp-content\/uploads\/2025\/02\/WhatsApp-Image-2025-02-19-at-11.26.47-AM-1-300x200.jpeg 300w, https:\/\/laultimapalabra.com.mx\/portal\/wp-content\/uploads\/2025\/02\/WhatsApp-Image-2025-02-19-at-11.26.47-AM-1-768x512.jpeg 768w, https:\/\/laultimapalabra.com.mx\/portal\/wp-content\/uploads\/2025\/02\/WhatsApp-Image-2025-02-19-at-11.26.47-AM-1-1536x1023.jpeg 1536w, https:\/\/laultimapalabra.com.mx\/portal\/wp-content\/uploads\/2025\/02\/WhatsApp-Image-2025-02-19-at-11.26.47-AM-1.jpeg 1600w\" sizes=\"auto, (max-width: 740px) 100vw, 740px\" \/> <img loading=\"lazy\" decoding=\"async\" class=\"alignnone wp-image-99296 size-large\" src=\"https:\/\/laultimapalabra.com.mx\/portal\/wp-content\/uploads\/2025\/02\/WhatsApp-Image-2025-02-19-at-11.26.48-AM-1-1024x958.jpeg\" alt=\"\" width=\"740\" height=\"692\" srcset=\"https:\/\/laultimapalabra.com.mx\/portal\/wp-content\/uploads\/2025\/02\/WhatsApp-Image-2025-02-19-at-11.26.48-AM-1-1024x958.jpeg 1024w, https:\/\/laultimapalabra.com.mx\/portal\/wp-content\/uploads\/2025\/02\/WhatsApp-Image-2025-02-19-at-11.26.48-AM-1-300x281.jpeg 300w, https:\/\/laultimapalabra.com.mx\/portal\/wp-content\/uploads\/2025\/02\/WhatsApp-Image-2025-02-19-at-11.26.48-AM-1-768x719.jpeg 768w, https:\/\/laultimapalabra.com.mx\/portal\/wp-content\/uploads\/2025\/02\/WhatsApp-Image-2025-02-19-at-11.26.48-AM-1-1536x1437.jpeg 1536w, https:\/\/laultimapalabra.com.mx\/portal\/wp-content\/uploads\/2025\/02\/WhatsApp-Image-2025-02-19-at-11.26.48-AM-1-2048x1916.jpeg 2048w\" sizes=\"auto, (max-width: 740px) 100vw, 740px\" \/> <img loading=\"lazy\" decoding=\"async\" class=\"alignnone wp-image-99294 size-large\" src=\"https:\/\/laultimapalabra.com.mx\/portal\/wp-content\/uploads\/2025\/02\/WhatsApp-Image-2025-02-19-at-11.26.47-AM-3-1024x940.jpeg\" alt=\"\" width=\"740\" height=\"679\" srcset=\"https:\/\/laultimapalabra.com.mx\/portal\/wp-content\/uploads\/2025\/02\/WhatsApp-Image-2025-02-19-at-11.26.47-AM-3-1024x940.jpeg 1024w, https:\/\/laultimapalabra.com.mx\/portal\/wp-content\/uploads\/2025\/02\/WhatsApp-Image-2025-02-19-at-11.26.47-AM-3-300x275.jpeg 300w, https:\/\/laultimapalabra.com.mx\/portal\/wp-content\/uploads\/2025\/02\/WhatsApp-Image-2025-02-19-at-11.26.47-AM-3-768x705.jpeg 768w, https:\/\/laultimapalabra.com.mx\/portal\/wp-content\/uploads\/2025\/02\/WhatsApp-Image-2025-02-19-at-11.26.47-AM-3-1536x1410.jpeg 1536w, https:\/\/laultimapalabra.com.mx\/portal\/wp-content\/uploads\/2025\/02\/WhatsApp-Image-2025-02-19-at-11.26.47-AM-3-2048x1879.jpeg 2048w\" sizes=\"auto, (max-width: 740px) 100vw, 740px\" \/><\/p>\n<p>El evento representa un esfuerzo coordinado para fortalecer la econom\u00eda local y garantizar que los ciudadanos de Cadereyta Jim\u00e9nez tengan acceso a un mercado laboral din\u00e1mico y en constante crecimiento. A trav\u00e9s de este tipo de iniciativas, el Gobierno Municipal reafirma su compromiso de generar m\u00e1s y mejores oportunidades para todos.<\/p>\n<p><img loading=\"lazy\" decoding=\"async\" class=\"alignnone wp-image-99293 size-large\" src=\"https:\/\/laultimapalabra.com.mx\/portal\/wp-content\/uploads\/2025\/02\/WhatsApp-Image-2025-02-19-at-11.26.47-AM-2-1024x940.jpeg\" alt=\"\" width=\"740\" height=\"679\" srcset=\"https:\/\/laultimapalabra.com.mx\/portal\/wp-content\/uploads\/2025\/02\/WhatsApp-Image-2025-02-19-at-11.26.47-AM-2-1024x940.jpeg 1024w, https:\/\/laultimapalabra.com.mx\/portal\/wp-content\/uploads\/2025\/02\/WhatsApp-Image-2025-02-19-at-11.26.47-AM-2-300x275.jpeg 300w, https:\/\/laultimapalabra.com.mx\/portal\/wp-content\/uploads\/2025\/02\/WhatsApp-Image-2025-02-19-at-11.26.47-AM-2-768x705.jpeg 768w, https:\/\/laultimapalabra.com.mx\/portal\/wp-content\/uploads\/2025\/02\/WhatsApp-Image-2025-02-19-at-11.26.47-AM-2-1536x1410.jpeg 1536w, https:\/\/laultimapalabra.com.mx\/portal\/wp-content\/uploads\/2025\/02\/WhatsApp-Image-2025-02-19-at-11.26.47-AM-2-2048x1879.jpeg 2048w\" sizes=\"auto, (max-width: 740px) 100vw, 740px\" \/><\/p>\n<p>\u00a1Juntos seguimos construyendo un Cadereyta con m\u00e1s oportunidades y un futuro pr\u00f3spero para sus habitantes!<\/p>\n","protected":false},"excerpt":{"rendered":"<p>Cadereyta Jim\u00e9nez, N.L. &#8211; El Gobierno Municipal de Cadereyta Jim\u00e9nez, encabezado por el Alcalde Carlos Rodr\u00edguez \u201cEl Cuate\u201d, en colaboraci\u00f3n con la Secretar\u00eda de Desarrollo Social y Humano, dirigida por Rosendo \u201cChendo\u201d Garza, y la Direcci\u00f3n de Desarrollo Econ\u00f3mico, liderada por el Ing. Juan Pablo Garc\u00eda, llev\u00f3 a cabo con gran \u00e9xito la Feria de [&hellip;]<\/p>\n","protected":false},"author":14,"featured_media":99304,"comment_status":"closed","ping_status":"closed","sticky":false,"template":"","format":"standard","meta":{"footnotes":""},"categories":[1],"tags":[12393,12851,12850],"class_list":["post-99292","post","type-post","status-publish","format-standard","has-post-thumbnail","hentry","category-noticias","tag-cadereyta-jim-n-l","tag-feria-de-empleo-cadereyta","tag-secretaria-de-desarrollo-social-y-humano"],"_links":{"self":[{"href":"https:\/\/laultimapalabra.com.mx\/portal\/wp-json\/wp\/v2\/posts\/99292","targetHints":{"allow":["GET"]}}],"collection":[{"href":"https:\/\/laultimapalabra.com.mx\/portal\/wp-json\/wp\/v2\/posts"}],"about":[{"href":"https:\/\/laultimapalabra.com.mx\/portal\/wp-json\/wp\/v2\/types\/post"}],"author":[{"embeddable":true,"href":"https:\/\/laultimapalabra.com.mx\/portal\/wp-json\/wp\/v2\/users\/14"}],"replies":[{"embeddable":true,"href":"https:\/\/laultimapalabra.com.mx\/portal\/wp-json\/wp\/v2\/comments?post=99292"}],"version-history":[{"count":4,"href":"https:\/\/laultimapalabra.com.mx\/portal\/wp-json\/wp\/v2\/posts\/99292\/revisions"}],"predecessor-version":[{"id":99309,"href":"https:\/\/laultimapalabra.com.mx\/portal\/wp-json\/wp\/v2\/posts\/99292\/revisions\/99309"}],"wp:featuredmedia":[{"embeddable":true,"href":"https:\/\/laultimapalabra.com.mx\/portal\/wp-json\/wp\/v2\/media\/99304"}],"wp:attachment":[{"href":"https:\/\/laultimapalabra.com.mx\/portal\/wp-json\/wp\/v2\/media?parent=99292"}],"wp:term":[{"taxonomy":"category","embeddable":true,"href":"https:\/\/laultimapalabra.com.mx\/portal\/wp-json\/wp\/v2\/categories?post=99292"},{"taxonomy":"post_tag","embeddable":true,"href":"https:\/\/laultimapalabra.com.mx\/portal\/wp-json\/wp\/v2\/tags?post=99292"}],"curies":[{"name":"wp","href":"https:\/\/api.w.org\/{rel}","templated":true}]}}