                       {"id":99367,"date":"2025-02-20T15:52:09","date_gmt":"2025-02-20T21:52:09","guid":{"rendered":"https:\/\/laultimapalabra.com.mx\/portal\/?p=99367"},"modified":"2025-02-20T15:52:09","modified_gmt":"2025-02-20T21:52:09","slug":"inauguraran-en-diciembre-la-nueva-clinica-del-imss-en-juarez","status":"publish","type":"post","link":"https:\/\/laultimapalabra.com.mx\/portal\/inauguraran-en-diciembre-la-nueva-clinica-del-imss-en-juarez\/","title":{"rendered":"Inaugurar\u00e1n en diciembre, la nueva cl\u00ednica del IMSS en Ju\u00e1rez"},"content":{"rendered":"<p>Ju\u00e1rez, N.L.- En 10 meses m\u00e1s, estar\u00e1 lista para ser inaugurada la moderna Unidad M\u00e9dica del Instituto Mexicano del Seguro Social, despu\u00e9s de tres a\u00f1os de construcci\u00f3n en Ju\u00e1rez, quien hasta el d\u00eda de hoy contaba solamente con la sobresaturada Cl\u00ednica 20, quien cuenta con m\u00e1s de 60 a\u00f1os de uso.<br \/>\nEnclavada frente a la rotonda ubicada en la Avenida Las Torres, entre Venus y Mercurio en la colonia Los Cometas, la nueva Unidad, no ser\u00e1 una cl\u00ednica m\u00e1s, ya que contar\u00e1 con siete departamentos para brindar un mejor servicio a los derechohabientes.<br \/>\nAparte de los 10 consultorios de medicina general, tambi\u00e9n habr\u00e1 5 consultorios m\u00e1s para enfermeras especialistas, servicios de Rayos X para estudios de imagen, as\u00ed como laboratorios para an\u00e1lisis de muestras biol\u00f3gicas.<br \/>\nEn el mismo edificio habr\u00e1 un consultorio dental, para el cuidado de salud bucal; un consultorio de Nutrici\u00f3n, para el control nutricional de los pacientes; consultorio de Psicolog\u00eda Cl\u00ednica, encaminado a la atenci\u00f3n de la salud mental; Medicina F\u00edsica y Rehabilitaci\u00f3n, para la recuperaci\u00f3n f\u00edsica de los pacientes y Servicio de Salud en el Trabajo, referente a la emisi\u00f3n de incapacidades laborales.<\/p>\n","protected":false},"excerpt":{"rendered":"<p>Ju\u00e1rez, N.L.- En 10 meses m\u00e1s, estar\u00e1 lista para ser inaugurada la moderna Unidad M\u00e9dica del Instituto Mexicano del Seguro Social, despu\u00e9s de tres a\u00f1os de construcci\u00f3n en Ju\u00e1rez, quien hasta el d\u00eda de hoy contaba solamente con la sobresaturada Cl\u00ednica 20, quien cuenta con m\u00e1s de 60 a\u00f1os de uso. Enclavada frente a la [&hellip;]<\/p>\n","protected":false},"author":14,"featured_media":99368,"comment_status":"closed","ping_status":"closed","sticky":false,"template":"","format":"standard","meta":{"footnotes":""},"categories":[1],"tags":[631,1249,3590],"class_list":["post-99367","post","type-post","status-publish","format-standard","has-post-thumbnail","hentry","category-noticias","tag-colonia-los-cometas","tag-imss","tag-juarez-nl"],"_links":{"self":[{"href":"https:\/\/laultimapalabra.com.mx\/portal\/wp-json\/wp\/v2\/posts\/99367","targetHints":{"allow":["GET"]}}],"collection":[{"href":"https:\/\/laultimapalabra.com.mx\/portal\/wp-json\/wp\/v2\/posts"}],"about":[{"href":"https:\/\/laultimapalabra.com.mx\/portal\/wp-json\/wp\/v2\/types\/post"}],"author":[{"embeddable":true,"href":"https:\/\/laultimapalabra.com.mx\/portal\/wp-json\/wp\/v2\/users\/14"}],"replies":[{"embeddable":true,"href":"https:\/\/laultimapalabra.com.mx\/portal\/wp-json\/wp\/v2\/comments?post=99367"}],"version-history":[{"count":1,"href":"https:\/\/laultimapalabra.com.mx\/portal\/wp-json\/wp\/v2\/posts\/99367\/revisions"}],"predecessor-version":[{"id":99369,"href":"https:\/\/laultimapalabra.com.mx\/portal\/wp-json\/wp\/v2\/posts\/99367\/revisions\/99369"}],"wp:featuredmedia":[{"embeddable":true,"href":"https:\/\/laultimapalabra.com.mx\/portal\/wp-json\/wp\/v2\/media\/99368"}],"wp:attachment":[{"href":"https:\/\/laultimapalabra.com.mx\/portal\/wp-json\/wp\/v2\/media?parent=99367"}],"wp:term":[{"taxonomy":"category","embeddable":true,"href":"https:\/\/laultimapalabra.com.mx\/portal\/wp-json\/wp\/v2\/categories?post=99367"},{"taxonomy":"post_tag","embeddable":true,"href":"https:\/\/laultimapalabra.com.mx\/portal\/wp-json\/wp\/v2\/tags?post=99367"}],"curies":[{"name":"wp","href":"https:\/\/api.w.org\/{rel}","templated":true}]}}