                       {"id":99459,"date":"2025-02-24T12:15:02","date_gmt":"2025-02-24T18:15:02","guid":{"rendered":"https:\/\/laultimapalabra.com.mx\/portal\/?p=99459"},"modified":"2025-02-24T12:15:02","modified_gmt":"2025-02-24T18:15:02","slug":"choc4n-tres-vehiculos-resultan-cuatro-h3rid0s","status":"publish","type":"post","link":"https:\/\/laultimapalabra.com.mx\/portal\/choc4n-tres-vehiculos-resultan-cuatro-h3rid0s\/","title":{"rendered":"Choc4n tres veh\u00edculos; resultan cuatro h3rid0s"},"content":{"rendered":"<p>&nbsp;<\/p>\n<p>Ju\u00e1rez, N.L.- Un choque frontal con proyecci\u00f3n entre tres veh\u00edculos, dej\u00f3 un saldo de cuatro personas lesionadas en el kil\u00f3metro 21 de la carretera Libre a Reynosa en Ju\u00e1rez.<br \/>\nLos hechos ocurrieron poco antes de las 12:00 del mediod\u00eda, estando involucrados un Ford Mondeo, color blanco, una Nissan Kicks, color gris y un Nissan Tiida color plateado.<br \/>\nEn el lugar resultaron heridos: Alan L\u00f3pez de 29 a\u00f1os, quien fue trasladado al Hospital Metropolitano; Gemma Sifuentes Ibarra, de 34 a\u00f1os, quien fue llevada a la Cl\u00ednica 20 del IMSS; Femenina N\/N, quien fue traslada por sus propios medios y una beb\u00e9 femenina, de aproximadamente un a\u00f1o, quien tambi\u00e9n fue traslada por sus propios medios.<br \/>\nEn el rescate y traslado participaron Protecci\u00f3n Civil de Ju\u00e1rez, Protecci\u00f3n Civil del Estado, CRUM y tr\u00e1nsito de Este municipio.<\/p>\n","protected":false},"excerpt":{"rendered":"<p>&nbsp; Ju\u00e1rez, N.L.- Un choque frontal con proyecci\u00f3n entre tres veh\u00edculos, dej\u00f3 un saldo de cuatro personas lesionadas en el kil\u00f3metro 21 de la carretera Libre a Reynosa en Ju\u00e1rez. Los hechos ocurrieron poco antes de las 12:00 del mediod\u00eda, estando involucrados un Ford Mondeo, color blanco, una Nissan Kicks, color gris y un Nissan [&hellip;]<\/p>\n","protected":false},"author":14,"featured_media":99460,"comment_status":"closed","ping_status":"closed","sticky":false,"template":"","format":"standard","meta":{"footnotes":""},"categories":[6805,18],"tags":[4394,3590],"class_list":["post-99459","post","type-post","status-publish","format-standard","has-post-thumbnail","hentry","category-accidentes","category-locales-juarez","tag-choque-frontal","tag-juarez-nl"],"_links":{"self":[{"href":"https:\/\/laultimapalabra.com.mx\/portal\/wp-json\/wp\/v2\/posts\/99459","targetHints":{"allow":["GET"]}}],"collection":[{"href":"https:\/\/laultimapalabra.com.mx\/portal\/wp-json\/wp\/v2\/posts"}],"about":[{"href":"https:\/\/laultimapalabra.com.mx\/portal\/wp-json\/wp\/v2\/types\/post"}],"author":[{"embeddable":true,"href":"https:\/\/laultimapalabra.com.mx\/portal\/wp-json\/wp\/v2\/users\/14"}],"replies":[{"embeddable":true,"href":"https:\/\/laultimapalabra.com.mx\/portal\/wp-json\/wp\/v2\/comments?post=99459"}],"version-history":[{"count":1,"href":"https:\/\/laultimapalabra.com.mx\/portal\/wp-json\/wp\/v2\/posts\/99459\/revisions"}],"predecessor-version":[{"id":99461,"href":"https:\/\/laultimapalabra.com.mx\/portal\/wp-json\/wp\/v2\/posts\/99459\/revisions\/99461"}],"wp:featuredmedia":[{"embeddable":true,"href":"https:\/\/laultimapalabra.com.mx\/portal\/wp-json\/wp\/v2\/media\/99460"}],"wp:attachment":[{"href":"https:\/\/laultimapalabra.com.mx\/portal\/wp-json\/wp\/v2\/media?parent=99459"}],"wp:term":[{"taxonomy":"category","embeddable":true,"href":"https:\/\/laultimapalabra.com.mx\/portal\/wp-json\/wp\/v2\/categories?post=99459"},{"taxonomy":"post_tag","embeddable":true,"href":"https:\/\/laultimapalabra.com.mx\/portal\/wp-json\/wp\/v2\/tags?post=99459"}],"curies":[{"name":"wp","href":"https:\/\/api.w.org\/{rel}","templated":true}]}}