                       {"id":99603,"date":"2025-02-26T12:56:46","date_gmt":"2025-02-26T18:56:46","guid":{"rendered":"https:\/\/laultimapalabra.com.mx\/portal\/?p=99603"},"modified":"2025-02-26T12:56:46","modified_gmt":"2025-02-26T18:56:46","slug":"cae-menor-por-danos-su-mama-por-tratar-de-impedir-arresto","status":"publish","type":"post","link":"https:\/\/laultimapalabra.com.mx\/portal\/cae-menor-por-danos-su-mama-por-tratar-de-impedir-arresto\/","title":{"rendered":"Cae menor por da\u00f1os su mam\u00e1 por tratar de impedir arresto"},"content":{"rendered":"<p>Ju\u00e1rez, N.L.- Tras dan\u0303ar con una piedra el parabrisas de un vehi\u0301culo en movimiento, un joven fue detenido por elementos de la Secretaria de Seguridad y Prevencio\u0301n Ciudadana del municipio de Jua\u0301rez y a su mama\u0301 por tratar de evitar el arresto en la Colonia Hacienda San Marcos.<br \/>\nLa doble detencio\u0301n se realizo\u0301 tras una llamada al 911, cuando los elementos policiacos realizaban un recorrido de vigilancia y fueron notificados de acudir a la calle Hacienda Madrid por un reporte de una rin\u0303a en la vi\u0301a pu\u0301blica.<br \/>\nAl llegar a la direccio\u0301n mencionada, un hombre les hizo movimientos con las manos en sen\u0303al de auxilio, y les pidio\u0301 detuvieran a un joven al que teni\u0301a retenido, ya que le habi\u0301a lanzado una piedra a su auto, dan\u0303ando el parabrisas, cuando circulaba por el lugar.<br \/>\nEl joven identificado como Mario Alberto &#8220;N&#8221;, de 16 an\u0303os, alego\u0301 que estaba en medio de una rin\u0303a con otros sujetos. Procediendo a su detencio\u0301n para que respondiera por los dan\u0303os causados a propiedad ajena.<br \/>\nTras llegar al lugar donde su hijo estaba siendo arrestado, la mama\u0301 del menor, identificada como Claudia &#8220;N&#8221;, de 33 an\u0303os de edad, fue detenida tras tratar de impedirlo.<br \/>\nEmpujando a los oficiales y dirigi\u00e9ndose a ellos con palabras altisonantes y una conducta agresiva, la mujer fue notificada que seria puesta a disposicio\u0301n del Ministerio Pu\u0301blico por sus acciones.<\/p>\n","protected":false},"excerpt":{"rendered":"<p>Ju\u00e1rez, N.L.- Tras dan\u0303ar con una piedra el parabrisas de un vehi\u0301culo en movimiento, un joven fue detenido por elementos de la Secretaria de Seguridad y Prevencio\u0301n Ciudadana del municipio de Jua\u0301rez y a su mama\u0301 por tratar de evitar el arresto en la Colonia Hacienda San Marcos. La doble detencio\u0301n se realizo\u0301 tras una [&hellip;]<\/p>\n","protected":false},"author":14,"featured_media":99610,"comment_status":"closed","ping_status":"closed","sticky":false,"template":"","format":"standard","meta":{"footnotes":""},"categories":[18],"tags":[12887,3590],"class_list":["post-99603","post","type-post","status-publish","format-standard","has-post-thumbnail","hentry","category-locales-juarez","tag-colonia-hacienda-san-marcos","tag-juarez-nl"],"_links":{"self":[{"href":"https:\/\/laultimapalabra.com.mx\/portal\/wp-json\/wp\/v2\/posts\/99603","targetHints":{"allow":["GET"]}}],"collection":[{"href":"https:\/\/laultimapalabra.com.mx\/portal\/wp-json\/wp\/v2\/posts"}],"about":[{"href":"https:\/\/laultimapalabra.com.mx\/portal\/wp-json\/wp\/v2\/types\/post"}],"author":[{"embeddable":true,"href":"https:\/\/laultimapalabra.com.mx\/portal\/wp-json\/wp\/v2\/users\/14"}],"replies":[{"embeddable":true,"href":"https:\/\/laultimapalabra.com.mx\/portal\/wp-json\/wp\/v2\/comments?post=99603"}],"version-history":[{"count":1,"href":"https:\/\/laultimapalabra.com.mx\/portal\/wp-json\/wp\/v2\/posts\/99603\/revisions"}],"predecessor-version":[{"id":99611,"href":"https:\/\/laultimapalabra.com.mx\/portal\/wp-json\/wp\/v2\/posts\/99603\/revisions\/99611"}],"wp:featuredmedia":[{"embeddable":true,"href":"https:\/\/laultimapalabra.com.mx\/portal\/wp-json\/wp\/v2\/media\/99610"}],"wp:attachment":[{"href":"https:\/\/laultimapalabra.com.mx\/portal\/wp-json\/wp\/v2\/media?parent=99603"}],"wp:term":[{"taxonomy":"category","embeddable":true,"href":"https:\/\/laultimapalabra.com.mx\/portal\/wp-json\/wp\/v2\/categories?post=99603"},{"taxonomy":"post_tag","embeddable":true,"href":"https:\/\/laultimapalabra.com.mx\/portal\/wp-json\/wp\/v2\/tags?post=99603"}],"curies":[{"name":"wp","href":"https:\/\/api.w.org\/{rel}","templated":true}]}}