                       {"id":9965,"date":"2019-09-04T12:33:54","date_gmt":"2019-09-04T17:33:54","guid":{"rendered":"http:\/\/laultimapalabra.info\/?p=9965"},"modified":"2024-12-11T08:56:13","modified_gmt":"2024-12-11T14:56:13","slug":"marco-gonzalez-deja-al-pri","status":"publish","type":"post","link":"https:\/\/laultimapalabra.com.mx\/portal\/marco-gonzalez-deja-al-pri\/","title":{"rendered":"Marco Gonz\u00e1lez deja al PRI"},"content":{"rendered":"<p style=\"text-align: justify;\">Formar\u00e1 parte de los diputados de Morena, lo que confirmar\u00e1 al partido como la segunda fuerza pol\u00edtica al interior del Poder Legislativo de Nuevo Le\u00f3n.<\/p>\n<p style=\"text-align: justify;\"><img loading=\"lazy\" decoding=\"async\" class=\"size-medium wp-image-9966 alignright\" src=\"https:\/\/laultimapalabra.com.mx\/portal\/wp-content\/uploads\/2019\/09\/marco-gonzalez-diputado-pri-foto_0_30_470_292-300x187.jpeg\" alt=\"\" width=\"300\" height=\"187\" \/>Monterrey, N. L.-<br \/>\nMarco Gonz\u00e1lez anunci\u00f3 su salida del PRI, un d\u00eda despu\u00e9s de la renuncia del diputado Melchor Heredia al grupo legislativo.<br \/>\nEl ex presidente del Congreso local, cuyo nombre son\u00f3 por meses para integrarse a la bancada de Movimiento Ciudadano, formar\u00e1 parte desde este mi\u00e9rcoles de los diputados de Morena, lo que confirmar\u00e1 al partido como la segunda fuerza pol\u00edtica al interior del Poder Legislativo de Nuevo Le\u00f3n.<br \/>\nCon Gonz\u00e1lez, la bancada sumar\u00e1 8 integrantes, lo que permitir\u00e1 que asuman el control administrativo del Congreso, seg\u00fan detallaron fuentes legislativas.<br \/>\nEl PRI se quedar\u00e1 con 6 integrantes, misma cantidad ostenta la bancada de Movimiento Ciudadano.<\/p>\n<p style=\"text-align: justify;\">FUENTE: MILENIO<\/p>\n","protected":false},"excerpt":{"rendered":"<p>Formar\u00e1 parte de los diputados de Morena, lo que confirmar\u00e1 al partido como la segunda fuerza pol\u00edtica al interior del Poder Legislativo de Nuevo Le\u00f3n. Monterrey, N. L.- Marco Gonz\u00e1lez anunci\u00f3 su salida del PRI, un d\u00eda despu\u00e9s de la renuncia del diputado Melchor Heredia al grupo legislativo. El ex presidente del Congreso local, cuyo [&hellip;]<\/p>\n","protected":false},"author":9,"featured_media":9966,"comment_status":"open","ping_status":"closed","sticky":false,"template":"","format":"standard","meta":{"footnotes":""},"categories":[15],"tags":[1490,1565,1855],"class_list":["post-9965","post","type-post","status-publish","format-standard","has-post-thumbnail","hentry","category-estado","tag-marco-gonzalez","tag-morena-nl","tag-pri-nl"],"_links":{"self":[{"href":"https:\/\/laultimapalabra.com.mx\/portal\/wp-json\/wp\/v2\/posts\/9965","targetHints":{"allow":["GET"]}}],"collection":[{"href":"https:\/\/laultimapalabra.com.mx\/portal\/wp-json\/wp\/v2\/posts"}],"about":[{"href":"https:\/\/laultimapalabra.com.mx\/portal\/wp-json\/wp\/v2\/types\/post"}],"author":[{"embeddable":true,"href":"https:\/\/laultimapalabra.com.mx\/portal\/wp-json\/wp\/v2\/users\/9"}],"replies":[{"embeddable":true,"href":"https:\/\/laultimapalabra.com.mx\/portal\/wp-json\/wp\/v2\/comments?post=9965"}],"version-history":[{"count":1,"href":"https:\/\/laultimapalabra.com.mx\/portal\/wp-json\/wp\/v2\/posts\/9965\/revisions"}],"predecessor-version":[{"id":68295,"href":"https:\/\/laultimapalabra.com.mx\/portal\/wp-json\/wp\/v2\/posts\/9965\/revisions\/68295"}],"wp:featuredmedia":[{"embeddable":true,"href":"https:\/\/laultimapalabra.com.mx\/portal\/wp-json\/"}],"wp:attachment":[{"href":"https:\/\/laultimapalabra.com.mx\/portal\/wp-json\/wp\/v2\/media?parent=9965"}],"wp:term":[{"taxonomy":"category","embeddable":true,"href":"https:\/\/laultimapalabra.com.mx\/portal\/wp-json\/wp\/v2\/categories?post=9965"},{"taxonomy":"post_tag","embeddable":true,"href":"https:\/\/laultimapalabra.com.mx\/portal\/wp-json\/wp\/v2\/tags?post=9965"}],"curies":[{"name":"wp","href":"https:\/\/api.w.org\/{rel}","templated":true}]}}