                       {"id":99770,"date":"2025-03-03T11:02:38","date_gmt":"2025-03-03T17:02:38","guid":{"rendered":"https:\/\/laultimapalabra.com.mx\/portal\/?p=99770"},"modified":"2025-03-03T11:02:38","modified_gmt":"2025-03-03T17:02:38","slug":"detienen-a-hombre-por-violencia-familiar-2","status":"publish","type":"post","link":"https:\/\/laultimapalabra.com.mx\/portal\/detienen-a-hombre-por-violencia-familiar-2\/","title":{"rendered":"Detienen a hombre por violencia familiar"},"content":{"rendered":"<p>Ju\u00e1rez, N.L.- Debido a que quer\u00eda entrar a la fuerza a casa de su ex pareja, un hombre fue detenido por elementos de la Polic\u00eda de Ju\u00e1rez en la Colonia Real de San Jos\u00e9.<br \/>\nLos hechos ocurrieron cuando elementos de la Polic\u00eda de Seguridad y Protecci\u00f3n Ciudadana realizaban un recorrido de vigilancia, y fueron alertados por su central de radio de acudir a la calle Real de San Juan, por un caso de violencia familiar.<br \/>\nTras llegar al domicilio mencionado, los oficiales visualizaron a dos mujeres haciendo se\u00f1as con las manos para que detuvieran la unidad, a lo cual una de ellas pidi\u00f3 a los oficiales detener a su ex pareja, quien pretend\u00eda entrar a la fuerza a su casa con amenazas.<br \/>\nLa v\u00edctima refiri\u00f3 que tiene separada m\u00e1s de un a\u00f1o de quien fuera su pareja, identific\u00e1ndolo como Humberto \u201cN\u201d, de 49 a\u00f1os, y quien a\u00fan se encontraba en el lugar. Motivo por el cual fue detenido y trasladado al Ministerio P\u00fablico.<\/p>\n","protected":false},"excerpt":{"rendered":"<p>Ju\u00e1rez, N.L.- Debido a que quer\u00eda entrar a la fuerza a casa de su ex pareja, un hombre fue detenido por elementos de la Polic\u00eda de Ju\u00e1rez en la Colonia Real de San Jos\u00e9. Los hechos ocurrieron cuando elementos de la Polic\u00eda de Seguridad y Protecci\u00f3n Ciudadana realizaban un recorrido de vigilancia, y fueron alertados [&hellip;]<\/p>\n","protected":false},"author":14,"featured_media":99771,"comment_status":"closed","ping_status":"closed","sticky":false,"template":"","format":"standard","meta":{"footnotes":""},"categories":[1],"tags":[641,3590],"class_list":["post-99770","post","type-post","status-publish","format-standard","has-post-thumbnail","hentry","category-noticias","tag-colonia-real-de-san-jose","tag-juarez-nl"],"_links":{"self":[{"href":"https:\/\/laultimapalabra.com.mx\/portal\/wp-json\/wp\/v2\/posts\/99770","targetHints":{"allow":["GET"]}}],"collection":[{"href":"https:\/\/laultimapalabra.com.mx\/portal\/wp-json\/wp\/v2\/posts"}],"about":[{"href":"https:\/\/laultimapalabra.com.mx\/portal\/wp-json\/wp\/v2\/types\/post"}],"author":[{"embeddable":true,"href":"https:\/\/laultimapalabra.com.mx\/portal\/wp-json\/wp\/v2\/users\/14"}],"replies":[{"embeddable":true,"href":"https:\/\/laultimapalabra.com.mx\/portal\/wp-json\/wp\/v2\/comments?post=99770"}],"version-history":[{"count":1,"href":"https:\/\/laultimapalabra.com.mx\/portal\/wp-json\/wp\/v2\/posts\/99770\/revisions"}],"predecessor-version":[{"id":99772,"href":"https:\/\/laultimapalabra.com.mx\/portal\/wp-json\/wp\/v2\/posts\/99770\/revisions\/99772"}],"wp:featuredmedia":[{"embeddable":true,"href":"https:\/\/laultimapalabra.com.mx\/portal\/wp-json\/wp\/v2\/media\/99771"}],"wp:attachment":[{"href":"https:\/\/laultimapalabra.com.mx\/portal\/wp-json\/wp\/v2\/media?parent=99770"}],"wp:term":[{"taxonomy":"category","embeddable":true,"href":"https:\/\/laultimapalabra.com.mx\/portal\/wp-json\/wp\/v2\/categories?post=99770"},{"taxonomy":"post_tag","embeddable":true,"href":"https:\/\/laultimapalabra.com.mx\/portal\/wp-json\/wp\/v2\/tags?post=99770"}],"curies":[{"name":"wp","href":"https:\/\/api.w.org\/{rel}","templated":true}]}}