                       {"id":99864,"date":"2025-03-04T15:01:15","date_gmt":"2025-03-04T21:01:15","guid":{"rendered":"https:\/\/laultimapalabra.com.mx\/portal\/?p=99864"},"modified":"2025-03-04T15:01:15","modified_gmt":"2025-03-04T21:01:15","slug":"hartan-aguas-negras-a-vecinos-de-valle-de-santa-isabel","status":"publish","type":"post","link":"https:\/\/laultimapalabra.com.mx\/portal\/hartan-aguas-negras-a-vecinos-de-valle-de-santa-isabel\/","title":{"rendered":"Hartan aguas negras a vecinos de Valle de Santa Isabel"},"content":{"rendered":"<p>Ju\u00e1rez, N.L.- Habitantes de las calles Tauste y Pizarro, de Valle Santa Isabel, dijeron sentirse hartos de una fuga que tiene desde el a\u00f1o pasado, llenando el lugar de olores nauseabundos las 24 horas de cada d\u00eda.<br \/>\nMencionan los afectados que el derrame se encuentra en la banqueta, frente al domicilio marcado con el n\u00famero 114 A de la calle Tauste en el sector Galicia de la colonia antes mencionada y que han llovido reportes, pero Agua y Drenaje no ha reparado el desperfecto.<\/p>\n<p><img loading=\"lazy\" decoding=\"async\" class=\"alignnone wp-image-99853 size-large\" src=\"https:\/\/laultimapalabra.com.mx\/portal\/wp-content\/uploads\/2025\/03\/WhatsApp-Image-2025-03-04-at-2.10.38-PM-1024x576.jpeg\" alt=\"\" width=\"740\" height=\"416\" srcset=\"https:\/\/laultimapalabra.com.mx\/portal\/wp-content\/uploads\/2025\/03\/WhatsApp-Image-2025-03-04-at-2.10.38-PM-1024x576.jpeg 1024w, https:\/\/laultimapalabra.com.mx\/portal\/wp-content\/uploads\/2025\/03\/WhatsApp-Image-2025-03-04-at-2.10.38-PM-300x169.jpeg 300w, https:\/\/laultimapalabra.com.mx\/portal\/wp-content\/uploads\/2025\/03\/WhatsApp-Image-2025-03-04-at-2.10.38-PM-768x432.jpeg 768w, https:\/\/laultimapalabra.com.mx\/portal\/wp-content\/uploads\/2025\/03\/WhatsApp-Image-2025-03-04-at-2.10.38-PM.jpeg 1280w\" sizes=\"auto, (max-width: 740px) 100vw, 740px\" \/><br \/>\nMencionan que el agua ya est\u00e1 da\u00f1ando el pavimento, al recorrer ambas calles mencionadas para bajar hacia la orilla del Perif\u00e9rico<\/p>\n","protected":false},"excerpt":{"rendered":"<p>Ju\u00e1rez, N.L.- Habitantes de las calles Tauste y Pizarro, de Valle Santa Isabel, dijeron sentirse hartos de una fuga que tiene desde el a\u00f1o pasado, llenando el lugar de olores nauseabundos las 24 horas de cada d\u00eda. Mencionan los afectados que el derrame se encuentra en la banqueta, frente al domicilio marcado con el n\u00famero [&hellip;]<\/p>\n","protected":false},"author":14,"featured_media":99854,"comment_status":"closed","ping_status":"closed","sticky":false,"template":"","format":"standard","meta":{"footnotes":""},"categories":[18],"tags":[73,12900],"class_list":["post-99864","post","type-post","status-publish","format-standard","has-post-thumbnail","hentry","category-locales-juarez","tag-aguas-negras","tag-valle-santa-isabel"],"_links":{"self":[{"href":"https:\/\/laultimapalabra.com.mx\/portal\/wp-json\/wp\/v2\/posts\/99864","targetHints":{"allow":["GET"]}}],"collection":[{"href":"https:\/\/laultimapalabra.com.mx\/portal\/wp-json\/wp\/v2\/posts"}],"about":[{"href":"https:\/\/laultimapalabra.com.mx\/portal\/wp-json\/wp\/v2\/types\/post"}],"author":[{"embeddable":true,"href":"https:\/\/laultimapalabra.com.mx\/portal\/wp-json\/wp\/v2\/users\/14"}],"replies":[{"embeddable":true,"href":"https:\/\/laultimapalabra.com.mx\/portal\/wp-json\/wp\/v2\/comments?post=99864"}],"version-history":[{"count":1,"href":"https:\/\/laultimapalabra.com.mx\/portal\/wp-json\/wp\/v2\/posts\/99864\/revisions"}],"predecessor-version":[{"id":99865,"href":"https:\/\/laultimapalabra.com.mx\/portal\/wp-json\/wp\/v2\/posts\/99864\/revisions\/99865"}],"wp:featuredmedia":[{"embeddable":true,"href":"https:\/\/laultimapalabra.com.mx\/portal\/wp-json\/wp\/v2\/media\/99854"}],"wp:attachment":[{"href":"https:\/\/laultimapalabra.com.mx\/portal\/wp-json\/wp\/v2\/media?parent=99864"}],"wp:term":[{"taxonomy":"category","embeddable":true,"href":"https:\/\/laultimapalabra.com.mx\/portal\/wp-json\/wp\/v2\/categories?post=99864"},{"taxonomy":"post_tag","embeddable":true,"href":"https:\/\/laultimapalabra.com.mx\/portal\/wp-json\/wp\/v2\/tags?post=99864"}],"curies":[{"name":"wp","href":"https:\/\/api.w.org\/{rel}","templated":true}]}}