                       {"id":99961,"date":"2025-03-06T09:40:07","date_gmt":"2025-03-06T15:40:07","guid":{"rendered":"https:\/\/laultimapalabra.com.mx\/portal\/?p=99961"},"modified":"2025-03-06T09:40:18","modified_gmt":"2025-03-06T15:40:18","slug":"abaten-incendio-que-amenazaba-tres-colonias","status":"publish","type":"post","link":"https:\/\/laultimapalabra.com.mx\/portal\/abaten-incendio-que-amenazaba-tres-colonias\/","title":{"rendered":"Abaten incendio que amenazaba tres colonias"},"content":{"rendered":"<div class=\"xdj266r x11i5rnm xat24cr x1mh8g0r x1vvkbs x126k92a\">\n<div dir=\"auto\"><\/div>\n<\/div>\n<div class=\"x11i5rnm xat24cr x1mh8g0r x1vvkbs xtlvy1s x126k92a\">\n<div dir=\"auto\">Cadereyta, Nuevo Le\u00f3n &#8211; Un incendio de pastizal se desat\u00f3 en las colonias Puertas de Cadereyta, L\u00e1zaro C\u00e1rdenas segundo sector, y Pepe Lozano, consumiendo aproximadamente dos hect\u00e1reas de pastizal.<\/div>\n<div dir=\"auto\">Afortunadamente, no se reportaron heridos en el incidente. Los bomberos actuaron r\u00e1pidamente para extinguir el fuego y eliminar cualquier riesgo para la comunidad.<\/div>\n<div dir=\"auto\"><img loading=\"lazy\" decoding=\"async\" class=\"alignnone wp-image-99958 size-large\" src=\"https:\/\/laultimapalabra.com.mx\/portal\/wp-content\/uploads\/2025\/03\/WhatsApp-Image-2025-03-05-at-11.27.20-PM-1024x461.jpeg\" alt=\"\" width=\"740\" height=\"333\" srcset=\"https:\/\/laultimapalabra.com.mx\/portal\/wp-content\/uploads\/2025\/03\/WhatsApp-Image-2025-03-05-at-11.27.20-PM-1024x461.jpeg 1024w, https:\/\/laultimapalabra.com.mx\/portal\/wp-content\/uploads\/2025\/03\/WhatsApp-Image-2025-03-05-at-11.27.20-PM-300x135.jpeg 300w, https:\/\/laultimapalabra.com.mx\/portal\/wp-content\/uploads\/2025\/03\/WhatsApp-Image-2025-03-05-at-11.27.20-PM-768x346.jpeg 768w, https:\/\/laultimapalabra.com.mx\/portal\/wp-content\/uploads\/2025\/03\/WhatsApp-Image-2025-03-05-at-11.27.20-PM-1536x691.jpeg 1536w, https:\/\/laultimapalabra.com.mx\/portal\/wp-content\/uploads\/2025\/03\/WhatsApp-Image-2025-03-05-at-11.27.20-PM.jpeg 1600w\" sizes=\"auto, (max-width: 740px) 100vw, 740px\" \/><\/div>\n<div dir=\"auto\">Doce bomberos y tres unidades acudieron al lugar para combatir el incendio, logrando extinguirlo en su totalidad.<\/div>\n<div dir=\"auto\"><img loading=\"lazy\" decoding=\"async\" class=\"alignnone wp-image-99956 size-large\" src=\"https:\/\/laultimapalabra.com.mx\/portal\/wp-content\/uploads\/2025\/03\/WhatsApp-Image-2025-03-05-at-11.27.52-PM-1024x543.jpeg\" alt=\"\" width=\"740\" height=\"392\" srcset=\"https:\/\/laultimapalabra.com.mx\/portal\/wp-content\/uploads\/2025\/03\/WhatsApp-Image-2025-03-05-at-11.27.52-PM-1024x543.jpeg 1024w, https:\/\/laultimapalabra.com.mx\/portal\/wp-content\/uploads\/2025\/03\/WhatsApp-Image-2025-03-05-at-11.27.52-PM-300x159.jpeg 300w, https:\/\/laultimapalabra.com.mx\/portal\/wp-content\/uploads\/2025\/03\/WhatsApp-Image-2025-03-05-at-11.27.52-PM-768x407.jpeg 768w, https:\/\/laultimapalabra.com.mx\/portal\/wp-content\/uploads\/2025\/03\/WhatsApp-Image-2025-03-05-at-11.27.52-PM.jpeg 1178w\" sizes=\"auto, (max-width: 740px) 100vw, 740px\" \/><\/div>\n<div dir=\"auto\">El alcalde de Cadereyta, Carlos Rodr\u00edguez &#8220;El Cuate&#8221;, tambi\u00e9n se present\u00f3 en el lugar para supervisar los trabajos y asegurarse de que la situaci\u00f3n estuviera bajo control.<\/div>\n<\/div>\n","protected":false},"excerpt":{"rendered":"<p>Cadereyta, Nuevo Le\u00f3n &#8211; Un incendio de pastizal se desat\u00f3 en las colonias Puertas de Cadereyta, L\u00e1zaro C\u00e1rdenas segundo sector, y Pepe Lozano, consumiendo aproximadamente dos hect\u00e1reas de pastizal. Afortunadamente, no se reportaron heridos en el incidente. Los bomberos actuaron r\u00e1pidamente para extinguir el fuego y eliminar cualquier riesgo para la comunidad. Doce bomberos y [&hellip;]<\/p>\n","protected":false},"author":14,"featured_media":99957,"comment_status":"closed","ping_status":"closed","sticky":false,"template":"","format":"standard","meta":{"footnotes":""},"categories":[17],"tags":[12395,12908,12909,12910],"class_list":["post-99961","post","type-post","status-publish","format-standard","has-post-thumbnail","hentry","category-locales-cadereyta","tag-cadereyta-jim-nl","tag-colonias-puertas-de-cadereyta","tag-lazaro-cardenas","tag-pepe-lozano"],"_links":{"self":[{"href":"https:\/\/laultimapalabra.com.mx\/portal\/wp-json\/wp\/v2\/posts\/99961","targetHints":{"allow":["GET"]}}],"collection":[{"href":"https:\/\/laultimapalabra.com.mx\/portal\/wp-json\/wp\/v2\/posts"}],"about":[{"href":"https:\/\/laultimapalabra.com.mx\/portal\/wp-json\/wp\/v2\/types\/post"}],"author":[{"embeddable":true,"href":"https:\/\/laultimapalabra.com.mx\/portal\/wp-json\/wp\/v2\/users\/14"}],"replies":[{"embeddable":true,"href":"https:\/\/laultimapalabra.com.mx\/portal\/wp-json\/wp\/v2\/comments?post=99961"}],"version-history":[{"count":1,"href":"https:\/\/laultimapalabra.com.mx\/portal\/wp-json\/wp\/v2\/posts\/99961\/revisions"}],"predecessor-version":[{"id":99962,"href":"https:\/\/laultimapalabra.com.mx\/portal\/wp-json\/wp\/v2\/posts\/99961\/revisions\/99962"}],"wp:featuredmedia":[{"embeddable":true,"href":"https:\/\/laultimapalabra.com.mx\/portal\/wp-json\/wp\/v2\/media\/99957"}],"wp:attachment":[{"href":"https:\/\/laultimapalabra.com.mx\/portal\/wp-json\/wp\/v2\/media?parent=99961"}],"wp:term":[{"taxonomy":"category","embeddable":true,"href":"https:\/\/laultimapalabra.com.mx\/portal\/wp-json\/wp\/v2\/categories?post=99961"},{"taxonomy":"post_tag","embeddable":true,"href":"https:\/\/laultimapalabra.com.mx\/portal\/wp-json\/wp\/v2\/tags?post=99961"}],"curies":[{"name":"wp","href":"https:\/\/api.w.org\/{rel}","templated":true}]}}