                       {"id":9998,"date":"2019-09-05T18:40:15","date_gmt":"2019-09-05T23:40:15","guid":{"rendered":"http:\/\/laultimapalabra.info\/?p=9998"},"modified":"2024-12-11T08:56:13","modified_gmt":"2024-12-11T14:56:13","slug":"baja-eduardo-leal-costo-de-titulacion","status":"publish","type":"post","link":"https:\/\/laultimapalabra.com.mx\/portal\/baja-eduardo-leal-costo-de-titulacion\/","title":{"rendered":"Baja Eduardo Leal costo de titulaci\u00f3n"},"content":{"rendered":"<p style=\"text-align: justify;\">*No podr\u00e1n universidades cobrar m\u00e1s de 1,886 pesos por t\u00edtulo profesional .<\/p>\n<p style=\"text-align: justify;\"><img loading=\"lazy\" decoding=\"async\" class=\"size-medium wp-image-10000 alignleft\" src=\"https:\/\/laultimapalabra.com.mx\/portal\/wp-content\/uploads\/2019\/09\/WhatsApp-Image-2019-09-02-at-12.10.20-PM-1-1-238x300.jpeg\" alt=\"\" width=\"238\" height=\"300\" \/> JIM\u00c9NEZ, N.L.-<br \/>\nEl joven Diputado Eduardo Leal Buenfil, logr\u00f3 reducir el costo de todos los t\u00edtulos profesionales de las Universidades incorporadas a la SEP en Nuevo Le\u00f3n a $1,886.<br \/>\nEsto despu\u00e9s de una reforma de Ley aprobada en el Congreso del Estado donde se proh\u00edbe a las instituciones acad\u00e9micas cobrar m\u00e1s de $1,886 por el t\u00edtulo profesional.<br \/>\n&#8220;Sin duda, es un gran apoyo a todos los estudiantes universitarios, pues la mayor\u00eda de ellos no tienen los recursos suficientes para solventar costos tan altos por un t\u00edtulo profesional que muchas universidades llegaban a cobrar hasta $25,000&#8221;.<br \/>\nEn entrevista, el diputado panista afirm\u00f3 que cuando \u00e9l termin\u00f3 su carrera profesional no pudo tramitar su t\u00edtulo por los altos costos y fue hasta 2 a\u00f1os despu\u00e9s que trabajando pudo juntar $18,000 pesos para pagar su t\u00edtulo profesional. Coment\u00f3 que eso no lo debe vivir nunca m\u00e1s un joven de Nuevo Le\u00f3n y quiere que todos los j\u00f3venes terminando sus estudios tengan buenas oportunidades de empleo y que el t\u00edtulo profesional no sea un obst\u00e1culo ni una carga econ\u00f3mica.<\/p>\n","protected":false},"excerpt":{"rendered":"<p>*No podr\u00e1n universidades cobrar m\u00e1s de 1,886 pesos por t\u00edtulo profesional . JIM\u00c9NEZ, N.L.- El joven Diputado Eduardo Leal Buenfil, logr\u00f3 reducir el costo de todos los t\u00edtulos profesionales de las Universidades incorporadas a la SEP en Nuevo Le\u00f3n a $1,886. Esto despu\u00e9s de una reforma de Ley aprobada en el Congreso del Estado donde [&hellip;]<\/p>\n","protected":false},"author":9,"featured_media":9999,"comment_status":"open","ping_status":"closed","sticky":false,"template":"","format":"standard","meta":{"footnotes":""},"categories":[15,17],"tags":[260,905,1692,1695],"class_list":["post-9998","post","type-post","status-publish","format-standard","has-post-thumbnail","hentry","category-estado","category-locales-cadereyta","tag-baja-costo-titulos-profesionales","tag-eduardo-leal-buenfil","tag-pan-cadereyta","tag-pan-nl"],"_links":{"self":[{"href":"https:\/\/laultimapalabra.com.mx\/portal\/wp-json\/wp\/v2\/posts\/9998","targetHints":{"allow":["GET"]}}],"collection":[{"href":"https:\/\/laultimapalabra.com.mx\/portal\/wp-json\/wp\/v2\/posts"}],"about":[{"href":"https:\/\/laultimapalabra.com.mx\/portal\/wp-json\/wp\/v2\/types\/post"}],"author":[{"embeddable":true,"href":"https:\/\/laultimapalabra.com.mx\/portal\/wp-json\/wp\/v2\/users\/9"}],"replies":[{"embeddable":true,"href":"https:\/\/laultimapalabra.com.mx\/portal\/wp-json\/wp\/v2\/comments?post=9998"}],"version-history":[{"count":1,"href":"https:\/\/laultimapalabra.com.mx\/portal\/wp-json\/wp\/v2\/posts\/9998\/revisions"}],"predecessor-version":[{"id":68311,"href":"https:\/\/laultimapalabra.com.mx\/portal\/wp-json\/wp\/v2\/posts\/9998\/revisions\/68311"}],"wp:featuredmedia":[{"embeddable":true,"href":"https:\/\/laultimapalabra.com.mx\/portal\/wp-json\/"}],"wp:attachment":[{"href":"https:\/\/laultimapalabra.com.mx\/portal\/wp-json\/wp\/v2\/media?parent=9998"}],"wp:term":[{"taxonomy":"category","embeddable":true,"href":"https:\/\/laultimapalabra.com.mx\/portal\/wp-json\/wp\/v2\/categories?post=9998"},{"taxonomy":"post_tag","embeddable":true,"href":"https:\/\/laultimapalabra.com.mx\/portal\/wp-json\/wp\/v2\/tags?post=9998"}],"curies":[{"name":"wp","href":"https:\/\/api.w.org\/{rel}","templated":true}]}}