                       {"id":99988,"date":"2025-03-06T13:05:13","date_gmt":"2025-03-06T19:05:13","guid":{"rendered":"https:\/\/laultimapalabra.com.mx\/portal\/?p=99988"},"modified":"2025-03-06T13:05:13","modified_gmt":"2025-03-06T19:05:13","slug":"arde-pastizal-en-libramiento-y-carretera-a-san-mateo","status":"publish","type":"post","link":"https:\/\/laultimapalabra.com.mx\/portal\/arde-pastizal-en-libramiento-y-carretera-a-san-mateo\/","title":{"rendered":"Arde pastizal en Libramiento y Carretera a San Mateo"},"content":{"rendered":"<p><img loading=\"lazy\" decoding=\"async\" class=\"alignnone wp-image-99967 size-large\" src=\"https:\/\/laultimapalabra.com.mx\/portal\/wp-content\/uploads\/2025\/03\/WhatsApp-Image-2025-03-06-at-12.01.19-PM-1024x768.jpeg\" alt=\"\" width=\"740\" height=\"555\" srcset=\"https:\/\/laultimapalabra.com.mx\/portal\/wp-content\/uploads\/2025\/03\/WhatsApp-Image-2025-03-06-at-12.01.19-PM-1024x768.jpeg 1024w, https:\/\/laultimapalabra.com.mx\/portal\/wp-content\/uploads\/2025\/03\/WhatsApp-Image-2025-03-06-at-12.01.19-PM-300x225.jpeg 300w, https:\/\/laultimapalabra.com.mx\/portal\/wp-content\/uploads\/2025\/03\/WhatsApp-Image-2025-03-06-at-12.01.19-PM-768x576.jpeg 768w, https:\/\/laultimapalabra.com.mx\/portal\/wp-content\/uploads\/2025\/03\/WhatsApp-Image-2025-03-06-at-12.01.19-PM-1536x1152.jpeg 1536w, https:\/\/laultimapalabra.com.mx\/portal\/wp-content\/uploads\/2025\/03\/WhatsApp-Image-2025-03-06-at-12.01.19-PM.jpeg 1600w\" sizes=\"auto, (max-width: 740px) 100vw, 740px\" \/><\/p>\n<p>Cadereyta, NL &#8211; Aproximadamente a las 11:30 horas de este jueves seis de marzo, se registr\u00f3 un incendio en un pastizal ubicado en el Libramiento Alfonso Mart\u00ednez Dom\u00ednguez, en su entronque con la carretera a San Mateo.<br \/>\nSeg\u00fan informes preliminares, el incendio se origin\u00f3 por la quema de llantas en el lugar.<\/p>\n<p><img loading=\"lazy\" decoding=\"async\" class=\"alignnone wp-image-99989 size-large\" src=\"https:\/\/laultimapalabra.com.mx\/portal\/wp-content\/uploads\/2025\/03\/WhatsApp-Image-2025-03-06-at-12.03.28-PM-1024x768.jpeg\" alt=\"\" width=\"740\" height=\"555\" srcset=\"https:\/\/laultimapalabra.com.mx\/portal\/wp-content\/uploads\/2025\/03\/WhatsApp-Image-2025-03-06-at-12.03.28-PM-1024x768.jpeg 1024w, https:\/\/laultimapalabra.com.mx\/portal\/wp-content\/uploads\/2025\/03\/WhatsApp-Image-2025-03-06-at-12.03.28-PM-300x225.jpeg 300w, https:\/\/laultimapalabra.com.mx\/portal\/wp-content\/uploads\/2025\/03\/WhatsApp-Image-2025-03-06-at-12.03.28-PM-768x576.jpeg 768w, https:\/\/laultimapalabra.com.mx\/portal\/wp-content\/uploads\/2025\/03\/WhatsApp-Image-2025-03-06-at-12.03.28-PM-1536x1152.jpeg 1536w, https:\/\/laultimapalabra.com.mx\/portal\/wp-content\/uploads\/2025\/03\/WhatsApp-Image-2025-03-06-at-12.03.28-PM.jpeg 1600w\" sizes=\"auto, (max-width: 740px) 100vw, 740px\" \/><br \/>\nEl incendio se extendi\u00f3 r\u00e1pidamente por el sector, generando una gran columna de humo y preocupaci\u00f3n entre los residentes de los domicilios cercanos.<br \/>\nR\u00e1pidamente, elementos de la subestaci\u00f3n de bomberos Halc\u00f3n acudieron al lugar para sofocar el incendio y evitar mayores da\u00f1os.<\/p>\n","protected":false},"excerpt":{"rendered":"<p>Cadereyta, NL &#8211; Aproximadamente a las 11:30 horas de este jueves seis de marzo, se registr\u00f3 un incendio en un pastizal ubicado en el Libramiento Alfonso Mart\u00ednez Dom\u00ednguez, en su entronque con la carretera a San Mateo. Seg\u00fan informes preliminares, el incendio se origin\u00f3 por la quema de llantas en el lugar. El incendio se [&hellip;]<\/p>\n","protected":false},"author":14,"featured_media":99967,"comment_status":"closed","ping_status":"closed","sticky":false,"template":"","format":"standard","meta":{"footnotes":""},"categories":[17],"tags":[12395,12913],"class_list":["post-99988","post","type-post","status-publish","format-standard","has-post-thumbnail","hentry","category-locales-cadereyta","tag-cadereyta-jim-nl","tag-libramiento-alfonso-martinez-domingue"],"_links":{"self":[{"href":"https:\/\/laultimapalabra.com.mx\/portal\/wp-json\/wp\/v2\/posts\/99988","targetHints":{"allow":["GET"]}}],"collection":[{"href":"https:\/\/laultimapalabra.com.mx\/portal\/wp-json\/wp\/v2\/posts"}],"about":[{"href":"https:\/\/laultimapalabra.com.mx\/portal\/wp-json\/wp\/v2\/types\/post"}],"author":[{"embeddable":true,"href":"https:\/\/laultimapalabra.com.mx\/portal\/wp-json\/wp\/v2\/users\/14"}],"replies":[{"embeddable":true,"href":"https:\/\/laultimapalabra.com.mx\/portal\/wp-json\/wp\/v2\/comments?post=99988"}],"version-history":[{"count":1,"href":"https:\/\/laultimapalabra.com.mx\/portal\/wp-json\/wp\/v2\/posts\/99988\/revisions"}],"predecessor-version":[{"id":99990,"href":"https:\/\/laultimapalabra.com.mx\/portal\/wp-json\/wp\/v2\/posts\/99988\/revisions\/99990"}],"wp:featuredmedia":[{"embeddable":true,"href":"https:\/\/laultimapalabra.com.mx\/portal\/wp-json\/wp\/v2\/media\/99967"}],"wp:attachment":[{"href":"https:\/\/laultimapalabra.com.mx\/portal\/wp-json\/wp\/v2\/media?parent=99988"}],"wp:term":[{"taxonomy":"category","embeddable":true,"href":"https:\/\/laultimapalabra.com.mx\/portal\/wp-json\/wp\/v2\/categories?post=99988"},{"taxonomy":"post_tag","embeddable":true,"href":"https:\/\/laultimapalabra.com.mx\/portal\/wp-json\/wp\/v2\/tags?post=99988"}],"curies":[{"name":"wp","href":"https:\/\/api.w.org\/{rel}","templated":true}]}}